{"id":240373,"date":"2023-09-21T14:14:39","date_gmt":"2023-09-21T12:14:39","guid":{"rendered":"https:\/\/www.cronacaonline.it\/?p=240373"},"modified":"2023-09-21T14:14:42","modified_gmt":"2023-09-21T12:14:42","slug":"emigrazione-assessore-lai-al-via-lavviso-per-il-rafforzamento-e-la-valorizzazione-dellidentita-e-della-conoscenza-della-cultura-sarda","status":"publish","type":"post","link":"https:\/\/www.cronacaonline.it\/index.php\/2023\/09\/21\/emigrazione-assessore-lai-al-via-lavviso-per-il-rafforzamento-e-la-valorizzazione-dellidentita-e-della-conoscenza-della-cultura-sarda\/","title":{"rendered":"Emigrazione, Assessore Lai: al via l\u2019avviso per il rafforzamento e la valorizzazione dell\u2019identit\u00e0 e della conoscenza della cultura sarda."},"content":{"rendered":"\n<p>Cagliari, 21 Sett 2023\u00a0\u2013 Al via l\u2019avviso per il rafforzamento e la valorizzazione dell\u2019identit\u00e0 e della conoscenza della cultura sarda, in particolare presso le giovani generazioni, in Italia e all\u2019estero, come previsto dal Piano annuale per l\u2019emigrazione 2023, approvato dalla Giunta regionale lo scorso 6 aprile.<\/p>\n\n\n\n<p>\u201cDobbiamo riconoscere ai circoli dei sardi nel mondo - afferma l\u2019Assessore del Lavoro, Ada Lai - il merito di aver tenuto unito il nostro popolo oltre i confini geografici, adoperandosi per non disperdere il nostro patrimonio culturale e le nostre radici, tenendole sempre vive e tramandandole di generazione in generazione. Da qui il nostro impegno per promuovere la nostra cultura oltre i confini regionali\u201d.<\/p>\n\n\n\n<p>I progetti previsti dal bando, infatti, riguardano l'organizzazione di attivit\u00e0 culturali finalizzate a diffondere i servizi offerti dal circolo alla cittadinanza e ai sardi, la creazione di punti di aggregazione giovanile con i quali favorire l\u2019incontro tra i giovani di origine sarda e no, la fornitura di borse di studio per gli emigrati\/e che intendano studiare nell\u2019isola, la valorizzazione e la conoscenza di percorsi migratori positivi attraverso i media e gli strumenti digitali.<\/p>\n\n\n\n<p>La dotazione finanziaria, a valere su risorse regionali, \u00e8 pari a \u20ac 200.000,00, di cui \u20ac 100.000,00 per i circoli italiani, e altri \u20ac 100.000,00 per quelli all\u2019estero. Per ogni progetto \u00e8 previsto un contributo massimo di \u20ac 25.000,00 e una durata non superiore ai 12 mesi.<\/p>\n\n\n\n<p>Le domande potranno essere presentate dai circoli formalmente riconosciuti, in forma singola o associata anche in partenariato con le Federazione e le Associazioni di tutela.<\/p>\n\n\n\n<p>I destinatari dei progetti sono i nati in Sardegna, che abbiano stabile dimora fuori del territorio regionale e che conservino la nazionalit\u00e0 italiana, nonch\u00e9 i coniugi ed i discendenti, anche se non nativi, purch\u00e9 abbiano almeno un genitore sardo; e i figli di cittadini di origine sarda che conservino la nazionalit\u00e0 italiana.<\/p>\n\n\n\n<p>Le domande di finanziamento relative al progetto dovranno essere presentate entro le ore 13,00, ora italiana, del giorno 25\/10\/2023.&nbsp;Com<\/p>\n","protected":false},"excerpt":{"rendered":"<p>Cagliari, 21 Sett 2023\u00a0\u2013 Al via l\u2019avviso per il rafforzamento e la valorizzazione dell\u2019identit\u00e0 e della conoscenza della cultura sarda, in particolare presso le giovani&#8230;<\/p>\n","protected":false},"author":2,"featured_media":237734,"comment_status":"closed","ping_status":"open","sticky":false,"template":"","format":"standard","meta":[],"categories":[49,52],"tags":[],"_links":{"self":[{"href":"https:\/\/www.cronacaonline.it\/index.php\/wp-json\/wp\/v2\/posts\/240373"}],"collection":[{"href":"https:\/\/www.cronacaonline.it\/index.php\/wp-json\/wp\/v2\/posts"}],"about":[{"href":"https:\/\/www.cronacaonline.it\/index.php\/wp-json\/wp\/v2\/types\/post"}],"author":[{"embeddable":true,"href":"https:\/\/www.cronacaonline.it\/index.php\/wp-json\/wp\/v2\/users\/2"}],"replies":[{"embeddable":true,"href":"https:\/\/www.cronacaonline.it\/index.php\/wp-json\/wp\/v2\/comments?post=240373"}],"version-history":[{"count":1,"href":"https:\/\/www.cronacaonline.it\/index.php\/wp-json\/wp\/v2\/posts\/240373\/revisions"}],"predecessor-version":[{"id":240374,"href":"https:\/\/www.cronacaonline.it\/index.php\/wp-json\/wp\/v2\/posts\/240373\/revisions\/240374"}],"wp:featuredmedia":[{"embeddable":true,"href":"https:\/\/www.cronacaonline.it\/index.php\/wp-json\/wp\/v2\/media\/237734"}],"wp:attachment":[{"href":"https:\/\/www.cronacaonline.it\/index.php\/wp-json\/wp\/v2\/media?parent=240373"}],"wp:term":[{"taxonomy":"category","embeddable":true,"href":"https:\/\/www.cronacaonline.it\/index.php\/wp-json\/wp\/v2\/categories?post=240373"},{"taxonomy":"post_tag","embeddable":true,"href":"https:\/\/www.cronacaonline.it\/index.php\/wp-json\/wp\/v2\/tags?post=240373"}],"curies":[{"name":"wp","href":"https:\/\/api.w.org\/{rel}","templated":true}]}}