{"id":240371,"date":"2023-09-21T14:11:36","date_gmt":"2023-09-21T12:11:36","guid":{"rendered":"https:\/\/www.cronacaonline.it\/?p=240371"},"modified":"2023-09-21T14:11:39","modified_gmt":"2023-09-21T12:11:39","slug":"il-consiglio-regionale-della-sardegna-si-riunira-giovedi-28-settembre-alle-10-da-martedi-al-lavoro-le-commissioni","status":"publish","type":"post","link":"https:\/\/www.cronacaonline.it\/index.php\/2023\/09\/21\/il-consiglio-regionale-della-sardegna-si-riunira-giovedi-28-settembre-alle-10-da-martedi-al-lavoro-le-commissioni\/","title":{"rendered":"Il Consiglio regionale della Sardegna si riunir\u00e0 gioved\u00ec 28 settembre alle 10. Da marted\u00ec al lavoro le commissioni."},"content":{"rendered":"\n<p>Cagliari, 21 Sett 2023 \u2013 Il Consiglio regionale si riunir\u00e0 gioved\u00ec 28 settembre alle ore 10. All\u2019ordine del giorno, come deciso dalla Conferenza dei Capigruppo che si \u00e8 riunita questa mattina, il DL 364 \u201cDisciplina del collegio dei revisori dei conti\u201d, il DL 389 \u201cAssestamento del bilancio per l\u2019esercizio finanziario 2023 e del bilancio pluriennale 2023\/2025 alle disposizioni del decreto legislativo 23 giugno 2011, n. 118 (Disposizioni in materia di armonizzazione dei sistemi contabili e degli schemi di bilancio delle Regioni, degli enti locali e dei loro organismi, a norma degli articoli 1 e 2 della legge 5 maggio 2009, n. 42), e successive modifiche ed integrazioni, e riconoscimento di debiti fuori bilancio\u201d, La PL 42 (Salaris e pi\u00f9)\u00a0 \u201cRiordino del comparto ippico ed equestre della Sardegna\u201d, il Testo unificato \u201cRiconoscimento, valorizzazione e sostegno del caregiver familiare, la PL 168\/A (Maieli e pi\u00f9) \u201cDisciplina della raccolta e coltivazione dei tartufi e valorizzazione del patrimonio tartufigeno regionale\u201d, la PL n. 305\/A (Maieli e pi\u00f9)\u00a0 \u201cDisciplina dell\u2019oleoturismo in Sardegna\u201d, la PL n.367\/A (Maieli e pi\u00f9) \u201cModifiche alla legge regionale n. 8 del 2016, alla legge regionale n. 12 del 1994 e alla legge regionale n. 16 del 2016 in materia di disciplina della rete escursionistica della Sardegna\u201d. I primi giorni della prossima settimana saranno dedicati ai lavori delle commissioni. Com<\/p>\n","protected":false},"excerpt":{"rendered":"<p>Cagliari, 21 Sett 2023 \u2013 Il Consiglio regionale si riunir\u00e0 gioved\u00ec 28 settembre alle ore 10. All\u2019ordine del giorno, come deciso dalla Conferenza dei Capigruppo&#8230;<\/p>\n","protected":false},"author":2,"featured_media":191705,"comment_status":"closed","ping_status":"open","sticky":false,"template":"","format":"standard","meta":[],"categories":[49,52],"tags":[],"_links":{"self":[{"href":"https:\/\/www.cronacaonline.it\/index.php\/wp-json\/wp\/v2\/posts\/240371"}],"collection":[{"href":"https:\/\/www.cronacaonline.it\/index.php\/wp-json\/wp\/v2\/posts"}],"about":[{"href":"https:\/\/www.cronacaonline.it\/index.php\/wp-json\/wp\/v2\/types\/post"}],"author":[{"embeddable":true,"href":"https:\/\/www.cronacaonline.it\/index.php\/wp-json\/wp\/v2\/users\/2"}],"replies":[{"embeddable":true,"href":"https:\/\/www.cronacaonline.it\/index.php\/wp-json\/wp\/v2\/comments?post=240371"}],"version-history":[{"count":1,"href":"https:\/\/www.cronacaonline.it\/index.php\/wp-json\/wp\/v2\/posts\/240371\/revisions"}],"predecessor-version":[{"id":240372,"href":"https:\/\/www.cronacaonline.it\/index.php\/wp-json\/wp\/v2\/posts\/240371\/revisions\/240372"}],"wp:featuredmedia":[{"embeddable":true,"href":"https:\/\/www.cronacaonline.it\/index.php\/wp-json\/wp\/v2\/media\/191705"}],"wp:attachment":[{"href":"https:\/\/www.cronacaonline.it\/index.php\/wp-json\/wp\/v2\/media?parent=240371"}],"wp:term":[{"taxonomy":"category","embeddable":true,"href":"https:\/\/www.cronacaonline.it\/index.php\/wp-json\/wp\/v2\/categories?post=240371"},{"taxonomy":"post_tag","embeddable":true,"href":"https:\/\/www.cronacaonline.it\/index.php\/wp-json\/wp\/v2\/tags?post=240371"}],"curies":[{"name":"wp","href":"https:\/\/api.w.org\/{rel}","templated":true}]}}