{"id":240365,"date":"2023-09-21T12:39:54","date_gmt":"2023-09-21T10:39:54","guid":{"rendered":"https:\/\/www.cronacaonline.it\/?p=240365"},"modified":"2023-09-21T12:39:57","modified_gmt":"2023-09-21T10:39:57","slug":"agricoltura-assessore-satta-favorevole-alla-riapertura-della-pesca-dei-ricci-in-sardegna","status":"publish","type":"post","link":"https:\/\/www.cronacaonline.it\/index.php\/2023\/09\/21\/agricoltura-assessore-satta-favorevole-alla-riapertura-della-pesca-dei-ricci-in-sardegna\/","title":{"rendered":"Agricoltura: assessore Satta, favorevole alla riapertura della pesca dei ricci in Sardegna."},"content":{"rendered":"\n<p>Cagliari, 21 Sett 2023 \u2013\u00a0\u201cSono favorevolmente convinta che la pesca dei ricci si possa fare tutto l\u2019anno\u201d. Lo ha detto l\u2019Assessore dell\u2019Agricoltura, Valeria Satta al termine della riunione con il Comitato Pesca.<\/p>\n\n\n\n<p>\u201cIntendo ribadire e affermare la mia piena convinzione sulla necessit\u00e0 di rivedere la norma Regionale sul blocco della pesca del riccio di mare in Sardegna.<\/p>\n\n\n\n<p>Anche nel corso della riunione col Comitato Pesca, ho espresso la volont\u00e0 di venire incontro alle esigenze dei nostri pescatori che si ritrovano inevitabilmente penalizzati per quello che \u00e8 il fermo pesca attuale.<\/p>\n\n\n\n<p>Grazie ad un emendamento del Consiglio Regionale quest'anno si \u00e8 avuta la possibilit\u00e0, per una stagione, di riaprire, ma ora inevitabilmente si ritorner\u00e0 alla vecchia normativa. Nell\u2019incertezza della reale esistenza di un\u2019esigenza di salvaguardia dell\u2019eco-sistema marino, a fronte delle numerose difficolt\u00e0 con le quali devono fare i conti quotidianamente i nostri pescatori, mi esprimo in loro favore cercando, questa volta, una soluzione definitiva. Proporr\u00f2 pertanto, a stretto giro, un emendamento che consenta la riapertura possibilmente a tempo indeterminato della pesca del riccio\".&nbsp;<\/p>\n","protected":false},"excerpt":{"rendered":"<p>Cagliari, 21 Sett 2023 \u2013\u00a0\u201cSono favorevolmente convinta che la pesca dei ricci si possa fare tutto l\u2019anno\u201d. Lo ha detto l\u2019Assessore dell\u2019Agricoltura, Valeria Satta al&#8230;<\/p>\n","protected":false},"author":2,"featured_media":240366,"comment_status":"closed","ping_status":"open","sticky":false,"template":"","format":"standard","meta":[],"categories":[49,52],"tags":[],"_links":{"self":[{"href":"https:\/\/www.cronacaonline.it\/index.php\/wp-json\/wp\/v2\/posts\/240365"}],"collection":[{"href":"https:\/\/www.cronacaonline.it\/index.php\/wp-json\/wp\/v2\/posts"}],"about":[{"href":"https:\/\/www.cronacaonline.it\/index.php\/wp-json\/wp\/v2\/types\/post"}],"author":[{"embeddable":true,"href":"https:\/\/www.cronacaonline.it\/index.php\/wp-json\/wp\/v2\/users\/2"}],"replies":[{"embeddable":true,"href":"https:\/\/www.cronacaonline.it\/index.php\/wp-json\/wp\/v2\/comments?post=240365"}],"version-history":[{"count":1,"href":"https:\/\/www.cronacaonline.it\/index.php\/wp-json\/wp\/v2\/posts\/240365\/revisions"}],"predecessor-version":[{"id":240367,"href":"https:\/\/www.cronacaonline.it\/index.php\/wp-json\/wp\/v2\/posts\/240365\/revisions\/240367"}],"wp:featuredmedia":[{"embeddable":true,"href":"https:\/\/www.cronacaonline.it\/index.php\/wp-json\/wp\/v2\/media\/240366"}],"wp:attachment":[{"href":"https:\/\/www.cronacaonline.it\/index.php\/wp-json\/wp\/v2\/media?parent=240365"}],"wp:term":[{"taxonomy":"category","embeddable":true,"href":"https:\/\/www.cronacaonline.it\/index.php\/wp-json\/wp\/v2\/categories?post=240365"},{"taxonomy":"post_tag","embeddable":true,"href":"https:\/\/www.cronacaonline.it\/index.php\/wp-json\/wp\/v2\/tags?post=240365"}],"curies":[{"name":"wp","href":"https:\/\/api.w.org\/{rel}","templated":true}]}}