{"id":240363,"date":"2023-09-21T12:37:02","date_gmt":"2023-09-21T10:37:02","guid":{"rendered":"https:\/\/www.cronacaonline.it\/?p=240363"},"modified":"2023-09-21T12:37:05","modified_gmt":"2023-09-21T10:37:05","slug":"consiglio-sardegna-turismo-edilizia-e-agricoltura-audizioni-in-quinta-commissione","status":"publish","type":"post","link":"https:\/\/www.cronacaonline.it\/index.php\/2023\/09\/21\/consiglio-sardegna-turismo-edilizia-e-agricoltura-audizioni-in-quinta-commissione\/","title":{"rendered":"Consiglio Sardegna &#8211; Turismo, edilizia e agricoltura: audizioni in Quinta Commissione."},"content":{"rendered":"\n<p>Cagliari 21 settembre 2023 \u2013 Il potenziamento degli organici di Argea, le difficolt\u00e0 del settore edile, le attivit\u00e0 per promozione della Sardegna nei mercati delle vacanze internazionali. Temi al centro dell\u2019ultima seduta della Commissione \u201cAttivit\u00e0 Produttive\u201d presieduta da Piero Maieli.<\/p>\n\n\n\n<p>Personale Argea - Sulla situazione Argea, la commissione ha sentito il direttore generale Antonello Arghittu e il dirigente Fabio Cuccuru che hanno riferito sulla necessit\u00e0 di un potenziamento della pianta organica in vista delle nuove attivit\u00e0 che saranno presto in carico all\u2019ente pagatore. In particolare, dal 2025 saranno in carico ad Argea anche dei pagamenti dei premi dell\u2019Organizzazione comune dei mercati agricoli: l\u2019agenzia dovr\u00e0 quindi farsi carico delle pratiche per le produzioni vitivinicole e orticole. \u00abQueste nuove attivit\u00e0 richiedono un inserimento di 25 nuove unit\u00e0 nei nostri organici (15 agronomi e 10 periti agrari) \u2013 ha spiegato Arghittu \u2013 la soluzione pi\u00f9 veloce \u00e8 quella di utilizzare le graduatorie del concorso Laore\u00bb. I rappresentanti dell\u2019agenzia hanno poi illustrato l\u2019attuale quadro del personale: \u00abArgea oggi ha 587 dipendenti in organico \u2013 ha detto Arghittu \u2013 grazie alla legge regionale n.1 del 2023, abbiamo assunto circa 200 persone utilizzando le graduatorie del concorso Laore. Per il momento siamo a posto. Con i nuovi compiti si sar\u00e0 per\u00f2 bisogno di un rafforzamento della pianta organica\u00bb. La Commissione ha preso in carico la richiesta che sar\u00e0 oggetto di approfondimento nelle prossime settimane.<\/p>\n\n\n\n<p>Crediti Superbonus - Il parlamentino ha poi sentito Giovanni Paolo Deliperi (rappresentante della Consulta delle costruzioni e della Rete delle professioni tecniche del nord Sardegna) e Pietro Andrea Virdis di ConfApi Aniem sulle difficolt\u00e0 del settore edile a seguito dello stop al superbonus fiscale per le ristrutturazioni e riqualificazioni edilizie. \u00abI crediti incagliati stanno creando grossi problemi a tutto il settore delle costruzioni oltre che alle imprese dell\u2019indotto \u2013 hanno detto Deliperi e Virdis \u2013 c\u2019\u00e8 bisogno di una soluzione che permetta ai crediti di rientrare nel cassetto fiscale dell\u2019annualit\u00e0 in corso in mod da non perderne la capacit\u00e0 di utilizzo\u00bb. Una soluzione potrebbe essere rappresentata dall\u2019emendamento recentemente approvato dal Consiglio regionale nel Collegato alla manovra finanziaria. La proposta (primo firmatario Antonello Peru) individua enti partecipati della Regione autorizzate all\u2019acquisto di crediti fiscali. Le organizzazioni di categoria verificheranno nei prossimi giorni la possibile applicazione della norma per poi riprendere il confronto con la Commissione.<\/p>\n\n\n\n<p>Attivit\u00e0 di promozione turistica - La V Commissione, infine, si \u00e8 occupata della proposta di estendere i contributi per le attivit\u00e0 di promozione turistica della Sardegna (legge 7 del 1955) anche alle manifestazioni e agli eventi realizzati fuori dal territorio regionale. L\u2019assessore al turismo Gianni Chessa si \u00e8 detto favorevole all\u2019emendamento presentato dalla consigliera Annalisa Manca: \u201c\u00c8 un\u2019iniziativa lodevole \u2013 ha detto Chessa \u2013 la Sardegna \u00e8 conosciuta in Italia mentre all\u2019estero abbiamo ancora qualche difficolt\u00e0.&nbsp; Ben vengano le attivit\u00e0 promozionali fuori dai confini nazionali. Occorre per\u00f2 prevedere un capitolo di bilancio a parte per non intaccare le risorse destinate agli eventi da realizzare nella nostra Isola\u201d.<\/p>\n","protected":false},"excerpt":{"rendered":"<p>Cagliari 21 settembre 2023 \u2013 Il potenziamento degli organici di Argea, le difficolt\u00e0 del settore edile, le attivit\u00e0 per promozione della Sardegna nei mercati delle&#8230;<\/p>\n","protected":false},"author":2,"featured_media":239400,"comment_status":"closed","ping_status":"open","sticky":false,"template":"","format":"standard","meta":[],"categories":[49,52],"tags":[],"_links":{"self":[{"href":"https:\/\/www.cronacaonline.it\/index.php\/wp-json\/wp\/v2\/posts\/240363"}],"collection":[{"href":"https:\/\/www.cronacaonline.it\/index.php\/wp-json\/wp\/v2\/posts"}],"about":[{"href":"https:\/\/www.cronacaonline.it\/index.php\/wp-json\/wp\/v2\/types\/post"}],"author":[{"embeddable":true,"href":"https:\/\/www.cronacaonline.it\/index.php\/wp-json\/wp\/v2\/users\/2"}],"replies":[{"embeddable":true,"href":"https:\/\/www.cronacaonline.it\/index.php\/wp-json\/wp\/v2\/comments?post=240363"}],"version-history":[{"count":1,"href":"https:\/\/www.cronacaonline.it\/index.php\/wp-json\/wp\/v2\/posts\/240363\/revisions"}],"predecessor-version":[{"id":240364,"href":"https:\/\/www.cronacaonline.it\/index.php\/wp-json\/wp\/v2\/posts\/240363\/revisions\/240364"}],"wp:featuredmedia":[{"embeddable":true,"href":"https:\/\/www.cronacaonline.it\/index.php\/wp-json\/wp\/v2\/media\/239400"}],"wp:attachment":[{"href":"https:\/\/www.cronacaonline.it\/index.php\/wp-json\/wp\/v2\/media?parent=240363"}],"wp:term":[{"taxonomy":"category","embeddable":true,"href":"https:\/\/www.cronacaonline.it\/index.php\/wp-json\/wp\/v2\/categories?post=240363"},{"taxonomy":"post_tag","embeddable":true,"href":"https:\/\/www.cronacaonline.it\/index.php\/wp-json\/wp\/v2\/tags?post=240363"}],"curies":[{"name":"wp","href":"https:\/\/api.w.org\/{rel}","templated":true}]}}