{"id":240339,"date":"2023-09-20T14:58:50","date_gmt":"2023-09-20T12:58:50","guid":{"rendered":"https:\/\/www.cronacaonline.it\/?p=240339"},"modified":"2023-09-20T14:58:53","modified_gmt":"2023-09-20T12:58:53","slug":"lavoro-cantieri-per-i-destinatari-di-procedura-di-licenziamento-collettivo-lassessore-lai-lavoratori-messi-in-sicurezza-fino-al-2025","status":"publish","type":"post","link":"https:\/\/www.cronacaonline.it\/index.php\/2023\/09\/20\/lavoro-cantieri-per-i-destinatari-di-procedura-di-licenziamento-collettivo-lassessore-lai-lavoratori-messi-in-sicurezza-fino-al-2025\/","title":{"rendered":"Lavoro &#8211; Cantieri per i destinatari di procedura di licenziamento collettivo, l\u2019assessore Lai: \u201clavoratori messi in sicurezza fino al 2025\u201d."},"content":{"rendered":"\n<p>Cagliari, 20 Sett 2023 \u2013\u00a0\u201cTutte le lavoratrici e i lavoratori saranno messi in sicurezza fino al 2025. La Giunta ha gi\u00e0 stanziato i fondi necessari per attivare i cantieri occupazionali realizzati dalla Protezione Civile, che ha provveduto ad inoltrare ai Comuni la documentazione necessaria per l\u2019attivazione della misura, che coinvolger\u00e0 137 unit\u00e0 lavorative. Con la variazione di bilancio sono state impegnate le risorse per il 2024 e il 2025\u201d. Lo ha assicurato l\u2019Assessore regionale del Lavoro, Ada, Lai durante un confronto, in videoconferenza, con le rappresentanze sindacali sul futuro dei destinatari di procedura di licenziamento collettivo ex Sardinia Green Island, Keller, Vesuvius, Ottana Polimeri e Ottana Energia, S&amp;B Olmedo, Sittel e Unilever.<\/p>\n\n\n\n<p>\u201cCostruire percorsi lavorativi per pi\u00f9 di cento persone - ha osservato Lai - che saranno impiegati per tre anni nei Comuni \u00e8 un grande risultato. Ora bisogna far partire al pi\u00f9 presto i cantieri, per poi valutare e correggere le criticit\u00e0, che eventualmente emergeranno nel corso del tempo\u201d. Com<\/p>\n","protected":false},"excerpt":{"rendered":"<p>Cagliari, 20 Sett 2023 \u2013\u00a0\u201cTutte le lavoratrici e i lavoratori saranno messi in sicurezza fino al 2025. La Giunta ha gi\u00e0 stanziato i fondi necessari&#8230;<\/p>\n","protected":false},"author":2,"featured_media":235318,"comment_status":"closed","ping_status":"open","sticky":false,"template":"","format":"standard","meta":[],"categories":[49,52],"tags":[],"_links":{"self":[{"href":"https:\/\/www.cronacaonline.it\/index.php\/wp-json\/wp\/v2\/posts\/240339"}],"collection":[{"href":"https:\/\/www.cronacaonline.it\/index.php\/wp-json\/wp\/v2\/posts"}],"about":[{"href":"https:\/\/www.cronacaonline.it\/index.php\/wp-json\/wp\/v2\/types\/post"}],"author":[{"embeddable":true,"href":"https:\/\/www.cronacaonline.it\/index.php\/wp-json\/wp\/v2\/users\/2"}],"replies":[{"embeddable":true,"href":"https:\/\/www.cronacaonline.it\/index.php\/wp-json\/wp\/v2\/comments?post=240339"}],"version-history":[{"count":1,"href":"https:\/\/www.cronacaonline.it\/index.php\/wp-json\/wp\/v2\/posts\/240339\/revisions"}],"predecessor-version":[{"id":240340,"href":"https:\/\/www.cronacaonline.it\/index.php\/wp-json\/wp\/v2\/posts\/240339\/revisions\/240340"}],"wp:featuredmedia":[{"embeddable":true,"href":"https:\/\/www.cronacaonline.it\/index.php\/wp-json\/wp\/v2\/media\/235318"}],"wp:attachment":[{"href":"https:\/\/www.cronacaonline.it\/index.php\/wp-json\/wp\/v2\/media?parent=240339"}],"wp:term":[{"taxonomy":"category","embeddable":true,"href":"https:\/\/www.cronacaonline.it\/index.php\/wp-json\/wp\/v2\/categories?post=240339"},{"taxonomy":"post_tag","embeddable":true,"href":"https:\/\/www.cronacaonline.it\/index.php\/wp-json\/wp\/v2\/tags?post=240339"}],"curies":[{"name":"wp","href":"https:\/\/api.w.org\/{rel}","templated":true}]}}