{"id":240336,"date":"2023-09-20T14:43:08","date_gmt":"2023-09-20T12:43:08","guid":{"rendered":"https:\/\/www.cronacaonline.it\/?p=240336"},"modified":"2023-09-20T14:43:12","modified_gmt":"2023-09-20T12:43:12","slug":"il-presidente-pais-incontra-il-vicecampione-del-mondo-di-pesi-sergio-massidda","status":"publish","type":"post","link":"https:\/\/www.cronacaonline.it\/index.php\/2023\/09\/20\/il-presidente-pais-incontra-il-vicecampione-del-mondo-di-pesi-sergio-massidda\/","title":{"rendered":"Il Presidente Pais incontra il vicecampione del mondo di pesi Sergio Massidda."},"content":{"rendered":"\n<p>Cagliari, 20 Sett 2023 \u2013 \u201cSei l\u2019orgoglio della Sardegna, l\u2019esempio per tanti ragazzi della tua et\u00e0 che vogliono perseguire un obiettivo in qualunque campo\u201d.<\/p>\n\n\n\n<p>Cos\u00ec il Presidente Michele Pais ha salutato, questa mattina, in Consiglio regionale Sergio Massidda vicecampione del mondo di sollevamento pesi.<\/p>\n\n\n\n<p>Massidda, 21 anni di Ghilarza, ha raccontato al presidente gli inizi della sua carriera, il trasferimento a Roma dove gareggia per l\u2019Esercito e i suoi tanti traguardi sportivi.<\/p>\n\n\n\n<p>Il presidente Pais ha detto di essere un suo grande tifoso e di seguire costantemente tutti gli atleti sardi che gareggiano anche in contesti nazionali e internazionali.<\/p>\n\n\n\n<p>\u201cSpessissimo negli ultimi anni \u2013 ha detto il Presidente \u2013 la Sardegna \u00e8 salita sui podi pi\u00f9 importanti del mondo.&nbsp; La volont\u00e0, la determinazione, la grande preparazione fisica e mentale dei nostri atleti fa superare ogni difficolt\u00e0.&nbsp; Lo sport \u00e8 sacrificio, maggiore per gli atleti sardi\u201d.<\/p>\n\n\n\n<p>Il Presidente Pais ha donato a Sergio Massidda la bandiera dei Quattro Mori da portare nelle prossime competizioni, prima fra tutte le Olimpiadi. Com<\/p>\n","protected":false},"excerpt":{"rendered":"<p>Cagliari, 20 Sett 2023 \u2013 \u201cSei l\u2019orgoglio della Sardegna, l\u2019esempio per tanti ragazzi della tua et\u00e0 che vogliono perseguire un obiettivo in qualunque campo\u201d. Cos\u00ec&#8230;<\/p>\n","protected":false},"author":2,"featured_media":240337,"comment_status":"closed","ping_status":"open","sticky":false,"template":"","format":"standard","meta":[],"categories":[49,52],"tags":[],"_links":{"self":[{"href":"https:\/\/www.cronacaonline.it\/index.php\/wp-json\/wp\/v2\/posts\/240336"}],"collection":[{"href":"https:\/\/www.cronacaonline.it\/index.php\/wp-json\/wp\/v2\/posts"}],"about":[{"href":"https:\/\/www.cronacaonline.it\/index.php\/wp-json\/wp\/v2\/types\/post"}],"author":[{"embeddable":true,"href":"https:\/\/www.cronacaonline.it\/index.php\/wp-json\/wp\/v2\/users\/2"}],"replies":[{"embeddable":true,"href":"https:\/\/www.cronacaonline.it\/index.php\/wp-json\/wp\/v2\/comments?post=240336"}],"version-history":[{"count":1,"href":"https:\/\/www.cronacaonline.it\/index.php\/wp-json\/wp\/v2\/posts\/240336\/revisions"}],"predecessor-version":[{"id":240338,"href":"https:\/\/www.cronacaonline.it\/index.php\/wp-json\/wp\/v2\/posts\/240336\/revisions\/240338"}],"wp:featuredmedia":[{"embeddable":true,"href":"https:\/\/www.cronacaonline.it\/index.php\/wp-json\/wp\/v2\/media\/240337"}],"wp:attachment":[{"href":"https:\/\/www.cronacaonline.it\/index.php\/wp-json\/wp\/v2\/media?parent=240336"}],"wp:term":[{"taxonomy":"category","embeddable":true,"href":"https:\/\/www.cronacaonline.it\/index.php\/wp-json\/wp\/v2\/categories?post=240336"},{"taxonomy":"post_tag","embeddable":true,"href":"https:\/\/www.cronacaonline.it\/index.php\/wp-json\/wp\/v2\/tags?post=240336"}],"curies":[{"name":"wp","href":"https:\/\/api.w.org\/{rel}","templated":true}]}}