{"id":240325,"date":"2023-09-20T14:24:35","date_gmt":"2023-09-20T12:24:35","guid":{"rendered":"https:\/\/www.cronacaonline.it\/?p=240325"},"modified":"2023-09-20T14:24:38","modified_gmt":"2023-09-20T12:24:38","slug":"il-presidente-sardegna-inaugura-il-nuovo-centro-di-terapia-del-dolore-presso-lospedale-marino-di-cagliari","status":"publish","type":"post","link":"https:\/\/www.cronacaonline.it\/index.php\/2023\/09\/20\/il-presidente-sardegna-inaugura-il-nuovo-centro-di-terapia-del-dolore-presso-lospedale-marino-di-cagliari\/","title":{"rendered":"Il presidente Sardegna inaugura il nuovo centro di terapia del dolore presso l\u2019ospedale Marino di Cagliari"},"content":{"rendered":"\n<p>Cagliari, 20 Sett\u00a02023 \u2013 Il Presidente della Regione Sardegna, ha inaugurato oggi il nuovo Centro Terapia del dolore, nei locali rinnovati dell\u2019ospedale Marino di Cagliari, dove sono in corso una serie di interventi di recupero del presidio che si affaccia sul lungo mare del Poetto, destinato a ospitare l\u2019ospedale di comunit\u00e0.<\/p>\n\n\n\n<p>\u201cPrende corpo \u2013 ha dichiarato il Presidente \u2013 quel progetto di riforma che coraggiosamente abbiamo avviato qualche anno fa e che ha subito gli effetti dell\u2019ondata del Covid, ma che oggi ci consente di inaugurare una realt\u00e0 importante come quella della Terapia del dolore e di dimostrare ci\u00f2 che avevamo detto fin dall\u2019inizio, ovvero che non avremo chiuso nessuna struttura ospedaliera. Oggi l\u2019ospedale Marino rappresenta tutto questo: l\u2019avvio di un percorso di riqualificazione e riutilizzo in funzione delle esigenze dei pazienti. A tutto ci\u00f2 si aggiungeranno i nuovi ospedali, il cui scopo non \u00e8 improntato alla chiusura dei presidi esistenti, ma a integrare il sistema con strutture pi\u00f9 all\u2019avanguardia dotate di tecnologie all\u2019altezza delle aspettative dei sardi\u201d.<\/p>\n\n\n\n<p>Il capo della Giunta sarda ha sottolineato come il risultato di oggi sia il frutto dell\u2019attuale politica di rilancio e di investimenti: \u201cNon dimentichiamo ci\u00f2 che abbiamo trovato quando siamo arrivati, nessuno aveva la bacchetta magica per porre rimedio dall\u2019oggi al domani ad anni di blocco del turnover e riduzione del personale sanitario, oltre a un progetto che con l\u2019azienda unica voleva chiudere diversi presidi ospedalieri. Noi abbiamo invece approvato una riforma che riporta il sistema sanitario su un\u2019articolazione in diverse strutture e sui territori e stiamo finalmente cominciando a raccogliere i frutti di ci\u00f2 che \u00e8 stato seminato. Serve ora continuit\u00e0 perch\u00e9 i sardi possano apprezzare al meglio gli effetti positivi di questa riforma sul servizio sanitario regionale\u201d.<\/p>\n\n\n\n<p>In merito al Centro Terapia del dolore, che oggi trova nell\u2019ospedale Marino la sua nuova casa, l\u2019assessore regionale della Sanit\u00e0, Carlo Doria, presente al taglio del nastro, ha parlato di eccellenza e in riferimento alle cure offerte, spesso rivolte ai pazienti pi\u00f9 fragili, tra cui quelli oncologici, ha sottolineato: \u201cRappresenta un segno di civilt\u00e0 oltre a essere un dovere di legge. \u00c8 di grande importanza per i cittadini e per tutta la comunit\u00e0 sanitaria della Sardegna e di quest\u2019Area vasta di Cagliari avere un Centro di riferimento in cui siano disponibili tutte le pi\u00f9 moderne tecniche terapeutiche in grado di dare supporto ai pazienti, in particolare i pi\u00f9 fragili\u201d. Com<\/p>\n","protected":false},"excerpt":{"rendered":"<p>Cagliari, 20 Sett\u00a02023 \u2013 Il Presidente della Regione Sardegna, ha inaugurato oggi il nuovo Centro Terapia del dolore, nei locali rinnovati dell\u2019ospedale Marino di Cagliari,&#8230;<\/p>\n","protected":false},"author":2,"featured_media":240326,"comment_status":"closed","ping_status":"open","sticky":false,"template":"","format":"standard","meta":[],"categories":[49,52],"tags":[],"_links":{"self":[{"href":"https:\/\/www.cronacaonline.it\/index.php\/wp-json\/wp\/v2\/posts\/240325"}],"collection":[{"href":"https:\/\/www.cronacaonline.it\/index.php\/wp-json\/wp\/v2\/posts"}],"about":[{"href":"https:\/\/www.cronacaonline.it\/index.php\/wp-json\/wp\/v2\/types\/post"}],"author":[{"embeddable":true,"href":"https:\/\/www.cronacaonline.it\/index.php\/wp-json\/wp\/v2\/users\/2"}],"replies":[{"embeddable":true,"href":"https:\/\/www.cronacaonline.it\/index.php\/wp-json\/wp\/v2\/comments?post=240325"}],"version-history":[{"count":1,"href":"https:\/\/www.cronacaonline.it\/index.php\/wp-json\/wp\/v2\/posts\/240325\/revisions"}],"predecessor-version":[{"id":240327,"href":"https:\/\/www.cronacaonline.it\/index.php\/wp-json\/wp\/v2\/posts\/240325\/revisions\/240327"}],"wp:featuredmedia":[{"embeddable":true,"href":"https:\/\/www.cronacaonline.it\/index.php\/wp-json\/wp\/v2\/media\/240326"}],"wp:attachment":[{"href":"https:\/\/www.cronacaonline.it\/index.php\/wp-json\/wp\/v2\/media?parent=240325"}],"wp:term":[{"taxonomy":"category","embeddable":true,"href":"https:\/\/www.cronacaonline.it\/index.php\/wp-json\/wp\/v2\/categories?post=240325"},{"taxonomy":"post_tag","embeddable":true,"href":"https:\/\/www.cronacaonline.it\/index.php\/wp-json\/wp\/v2\/tags?post=240325"}],"curies":[{"name":"wp","href":"https:\/\/api.w.org\/{rel}","templated":true}]}}