{"id":240316,"date":"2023-09-20T10:04:18","date_gmt":"2023-09-20T08:04:18","guid":{"rendered":"https:\/\/www.cronacaonline.it\/?p=240316"},"modified":"2023-09-20T10:04:21","modified_gmt":"2023-09-20T08:04:21","slug":"cagliari-citta-a-misura-di-startup-con-laccordo-tra-sardegna-ricerche-e-comune","status":"publish","type":"post","link":"https:\/\/www.cronacaonline.it\/index.php\/2023\/09\/20\/cagliari-citta-a-misura-di-startup-con-laccordo-tra-sardegna-ricerche-e-comune\/","title":{"rendered":"Cagliari citt\u00e0 a misura di startup con l&#8217;accordo tra Sardegna Ricerche e Comune."},"content":{"rendered":"\n<p>Cagliari, 20 Sett 2023 - Cagliari diventa una citt\u00e0 a misura di startup grazie all\u2019accordo firmato tra Sardegna Ricerche e il Comune. Un patto di collaborazione per sostenere le imprese pi\u00f9 innovative nel testare le loro soluzioni tecnologiche in un ambiente reale come quello della citt\u00e0, oltre a raccogliere dati e verificare la funzionalit\u00e0 di quanto studiato.<\/p>\n\n\n\n<p>Si parte con Rainapp la startup che ha ideato il tombino intelligente capace di segnalare il rischio alluvione in tempo reale e suggerire percorsi alternativi agli automobilisti in caso di allagamento delle strade. L\u2019impresa che lotta contro i pericoli legati alle forti piogge potr\u00e0 dunque avviare la sperimentazione del tombino intelligente coordinandosi con gli uffici del Comune di Cagliari e con tutto il sistema della Protezione civile.<\/p>\n\n\n\n<p>\u201cL\u2019accordo di collaborazione con il Comune di Cagliari \u00e8 un ulteriore importante tassello nel programma di supporto alle startup che Sardegna Ricerche ha costruito nel tempo grazie a un servizio di consulenza oltre che con apposite linee di finanziamento\u201d, ha sottolineato Maria Assunta Serra, direttore generale di Sardegna Ricerche.<\/p>\n\n\n\n<p>\u201cSono felice di confermare con Sardegna Ricerche un'alleanza strategica che si basa su visioni comuni. Cagliari \u00e8 una citt\u00e0 che storicamente si presta alla innovazione tecnologica\", ha rimarcato il sindaco di Cagliari Paolo Truzzu.<\/p>\n\n\n\n<p>Sardegna Ricerche e il Comune di Cagliari puntano a costruire assieme un solido supporto al sistema produttivo e allo sviluppo economico e tecnologico della citt\u00e0 attraverso la condivisione di buone pratiche con le startup innovative con forte impatto sociale fra queste quelle utili alla protezione civile, all\u2019ambiente, fornendo loro occasioni di confronto, supporto e reciproca crescita. Com<\/p>\n","protected":false},"excerpt":{"rendered":"<p>Cagliari, 20 Sett 2023 &#8211; Cagliari diventa una citt\u00e0 a misura di startup grazie all\u2019accordo firmato tra Sardegna Ricerche e il Comune. Un patto di&#8230;<\/p>\n","protected":false},"author":2,"featured_media":132553,"comment_status":"closed","ping_status":"open","sticky":false,"template":"","format":"standard","meta":[],"categories":[49,52],"tags":[],"_links":{"self":[{"href":"https:\/\/www.cronacaonline.it\/index.php\/wp-json\/wp\/v2\/posts\/240316"}],"collection":[{"href":"https:\/\/www.cronacaonline.it\/index.php\/wp-json\/wp\/v2\/posts"}],"about":[{"href":"https:\/\/www.cronacaonline.it\/index.php\/wp-json\/wp\/v2\/types\/post"}],"author":[{"embeddable":true,"href":"https:\/\/www.cronacaonline.it\/index.php\/wp-json\/wp\/v2\/users\/2"}],"replies":[{"embeddable":true,"href":"https:\/\/www.cronacaonline.it\/index.php\/wp-json\/wp\/v2\/comments?post=240316"}],"version-history":[{"count":1,"href":"https:\/\/www.cronacaonline.it\/index.php\/wp-json\/wp\/v2\/posts\/240316\/revisions"}],"predecessor-version":[{"id":240317,"href":"https:\/\/www.cronacaonline.it\/index.php\/wp-json\/wp\/v2\/posts\/240316\/revisions\/240317"}],"wp:featuredmedia":[{"embeddable":true,"href":"https:\/\/www.cronacaonline.it\/index.php\/wp-json\/wp\/v2\/media\/132553"}],"wp:attachment":[{"href":"https:\/\/www.cronacaonline.it\/index.php\/wp-json\/wp\/v2\/media?parent=240316"}],"wp:term":[{"taxonomy":"category","embeddable":true,"href":"https:\/\/www.cronacaonline.it\/index.php\/wp-json\/wp\/v2\/categories?post=240316"},{"taxonomy":"post_tag","embeddable":true,"href":"https:\/\/www.cronacaonline.it\/index.php\/wp-json\/wp\/v2\/tags?post=240316"}],"curies":[{"name":"wp","href":"https:\/\/api.w.org\/{rel}","templated":true}]}}