{"id":240269,"date":"2023-09-19T14:36:08","date_gmt":"2023-09-19T12:36:08","guid":{"rendered":"https:\/\/www.cronacaonline.it\/?p=240269"},"modified":"2023-09-19T14:36:11","modified_gmt":"2023-09-19T12:36:11","slug":"chiusa-a-san-teodoro-la-fase-di-ottimizzazione-del-percorso-di-programmazione-territoriale-per-10-comuni-dei-territori-di-monte-acuto-e-riviera-di-gallura","status":"publish","type":"post","link":"https:\/\/www.cronacaonline.it\/index.php\/2023\/09\/19\/chiusa-a-san-teodoro-la-fase-di-ottimizzazione-del-percorso-di-programmazione-territoriale-per-10-comuni-dei-territori-di-monte-acuto-e-riviera-di-gallura\/","title":{"rendered":"Chiusa a San Teodoro la fase di ottimizzazione del percorso di programmazione territoriale per 10 comuni dei territori di Monte Acuto e Riviera di Gallura."},"content":{"rendered":"\n<p>San Teodoro (SS), 19 Sett 2023 \u2013\u00a0Due tappe ravvicinate che chiudono il percorso della programmazione territoriale in Gallura. Dopo Aggius, che nella giornata di ieri ha visto premiati 16 Comuni per aver chiuso l\u2019Atto aggiuntivo al progetto \u201cLa Citt\u00e0 di Paesi della Gallura\u201d con 35 milioni di risorse aggiuntive, l\u2019Assessore della Programmazione e del Bilancio Giuseppe Fasolino\u00a0stamani a San Teodoro ha preso parte al tavolo di partenariato istituzionale e socioeconomico per la condivisione di un altro Atto aggiuntivo, stavolta all\u2019accordo di programma del progetto di sviluppo\u00a0\u201cMonte Acuto, Riviera di Gallura: territori di eccellenza della Sardegna\u201d (20 milioni di euro di risorse in aggiunta ai 17 milioni e mezzo iniziali). Dieci i Comuni interessati: Al\u00e0 dei Sardi, Berchidda, Buddus\u00f2, Monti, Oschiri, Padru (Comuni della Comunit\u00e0 montana del Monte Acuto), Budoni, Loiri Porto Sa Paolo, San Teodoro, Golfo Aranci (i quattro dell\u2019Unione dei Comuni Riviera di Gallura). Ammontano quindi complessivamente a 55 milioni di euro le risorse destinate ai Comuni galluresi attraverso gli Atti aggiuntivi.<\/p>\n\n\n\n<p>\u201cOggi tagliamo un altro importante traguardo che testimonia la forte volont\u00e0 della Regione di sostenere gli Enti locali nel portare a compimento quegli interventi di valore, frutto della collaborazione tra Comuni, capaci di generare nuove opportunit\u00e0 di crescita, occupazione, sviluppo\u201d, ha proseguito l\u2019Assessore Fasolino evidenziando come lo scopo della programmazione territoriale e soprattutto dell\u2019ottimizzazione del percorso di programmazione sia quello di \u201ccreare un sistema tra le Unioni di Comuni delle nostra isola con l\u2019obiettivo finale, grazie ai interventi mirati, di combattere una delle piaghe pi\u00f9 gravi, quella dello spopolamento\u201d.<\/p>\n\n\n\n<p>\u201cOggi \u2013 ha proseguito l\u2019esponente della Giunta sarda - raccogliamo i frutti dell\u2019impegno profuso per dare corpo e anima ai progetti di rilancio dei territori. La forza che ha portato a questo risultato \u00e8 stata l\u2019unit\u00e0, quella tra i vari Comuni e i vari sindaci, al di l\u00e0 del colore politico\u201d.<\/p>\n\n\n\n<p>All\u2019intervento dell\u2019Assessore Fasolino e dei rappresentanti delle Istituzioni e degli Enti locali presenti a San Teodoro ha fatto seguito la firma dell\u2019accordo che a breve verr\u00e0 portato in Giunta, per proseguire poi con l\u2019iter procedurale che porter\u00e0 all\u2019erogazione delle risorse.<\/p>\n\n\n\n<p>In continuit\u00e0 con la strategia del Progetto di Sviluppo Territoriale \u201cMonte Acuto, Riviera di Gallura: Territori di eccellenza della Sardegna\u201d, l\u2019Atto Aggiuntivo dell\u2019Accordo di Programma mira a migliorare l\u2019attrattivit\u00e0 e la competitivit\u00e0 del territorio attraverso lo sviluppo di un sistema turistico integrato, la rivitalizzazione del tessuto economico locale, la valorizzazione turistica delle risorse culturali e ambientali e la promozione integrata del territorio, in modo da favorire il miglioramento dei servizi e l\u2019innalzamento della qualit\u00e0 della vita e del benessere delle persone. Tre le azioni specifiche: la valorizzazione turistica delle risorse culturali e ambientali e la promozione integrata del territorio; la valorizzazione delle risorse turistiche ambientali; il miglioramento della qualit\u00e0 della vita e il benessere della persona.<\/p>\n\n\n\n<p>Nel corso della Legislatura, oltre alla chiusura dei progetti della programmazione territoriale che hanno riguardato tutta la Sardegna (26 complessivi) \u00e8 stata avviata la fase dell\u2019\u201cOttimizzazione del percorso di programmazione territoriale\u201d relativa appunto agli Atti aggiuntivi e alle rimodulazioni, che sta consentendo di portare a compimento i diversi interventi. Com<\/p>\n","protected":false},"excerpt":{"rendered":"<p>San Teodoro (SS), 19 Sett 2023 \u2013\u00a0Due tappe ravvicinate che chiudono il percorso della programmazione territoriale in Gallura. Dopo Aggius, che nella giornata di ieri&#8230;<\/p>\n","protected":false},"author":2,"featured_media":240270,"comment_status":"closed","ping_status":"open","sticky":false,"template":"","format":"standard","meta":[],"categories":[49,52],"tags":[],"_links":{"self":[{"href":"https:\/\/www.cronacaonline.it\/index.php\/wp-json\/wp\/v2\/posts\/240269"}],"collection":[{"href":"https:\/\/www.cronacaonline.it\/index.php\/wp-json\/wp\/v2\/posts"}],"about":[{"href":"https:\/\/www.cronacaonline.it\/index.php\/wp-json\/wp\/v2\/types\/post"}],"author":[{"embeddable":true,"href":"https:\/\/www.cronacaonline.it\/index.php\/wp-json\/wp\/v2\/users\/2"}],"replies":[{"embeddable":true,"href":"https:\/\/www.cronacaonline.it\/index.php\/wp-json\/wp\/v2\/comments?post=240269"}],"version-history":[{"count":1,"href":"https:\/\/www.cronacaonline.it\/index.php\/wp-json\/wp\/v2\/posts\/240269\/revisions"}],"predecessor-version":[{"id":240271,"href":"https:\/\/www.cronacaonline.it\/index.php\/wp-json\/wp\/v2\/posts\/240269\/revisions\/240271"}],"wp:featuredmedia":[{"embeddable":true,"href":"https:\/\/www.cronacaonline.it\/index.php\/wp-json\/wp\/v2\/media\/240270"}],"wp:attachment":[{"href":"https:\/\/www.cronacaonline.it\/index.php\/wp-json\/wp\/v2\/media?parent=240269"}],"wp:term":[{"taxonomy":"category","embeddable":true,"href":"https:\/\/www.cronacaonline.it\/index.php\/wp-json\/wp\/v2\/categories?post=240269"},{"taxonomy":"post_tag","embeddable":true,"href":"https:\/\/www.cronacaonline.it\/index.php\/wp-json\/wp\/v2\/tags?post=240269"}],"curies":[{"name":"wp","href":"https:\/\/api.w.org\/{rel}","templated":true}]}}