{"id":240253,"date":"2023-09-19T11:02:55","date_gmt":"2023-09-19T09:02:55","guid":{"rendered":"https:\/\/www.cronacaonline.it\/?p=240253"},"modified":"2023-09-19T11:02:58","modified_gmt":"2023-09-19T09:02:58","slug":"cultura-assessore-biancareddu-online-il-nuovo-portale-sardegnacultura-it-con-la-digitalizzazione-dellenorme-patrimonio-culturale-della-sardegna-grazie-ad-al-progetto-di-innovazione-digitale","status":"publish","type":"post","link":"https:\/\/www.cronacaonline.it\/index.php\/2023\/09\/19\/cultura-assessore-biancareddu-online-il-nuovo-portale-sardegnacultura-it-con-la-digitalizzazione-dellenorme-patrimonio-culturale-della-sardegna-grazie-ad-al-progetto-di-innovazione-digitale\/","title":{"rendered":"Cultura: assessore Biancareddu, online il nuovo portale sardegnacultura.it con la digitalizzazione dell\u2019enorme patrimonio culturale della Sardegna grazie ad al progetto di innovazione digitale \u201cAndalas de cultura\u201d."},"content":{"rendered":"\n<p>Cagliari, 19 Sett 2023\u00a0\u2013 E\u2019 in programma\u00a0marted\u00ec prossimo, 26 settembre alle ore 9.30, alla Biblioteca regionale di viale Trieste 137, la presentazione del nuovo portale<a rel=\"noreferrer noopener\" href=\"http:\/\/sardegnacultura.it\/\" target=\"_blank\">\u00a0Sardegnacultura.it<\/a>, punto di accesso ai risultati di \u00c0ndalas de Cultura, il progetto strategico di innovazione digitale per il patrimonio culturale dell\u2019Assessorato regionale della Pubblica istruzione, beni culturali, informazione, spettacolo e sport, inserito all\u2019interno dell\u2019Agenda digitale della Regione Sardegna.<\/p>\n\n\n\n<p>L\u2019intervento nasce per facilitare la conoscenza e la promozione dell\u2019immenso patrimonio culturale e identitario materiale e immateriale della Sardegna. Affidato tramite bando POR FESR 2014-2020 al raggruppamento temporaneo di imprese composto dalle societ\u00e0 DM Cultura e DB Seret, Andalas De Cultura \u00e8 giunto alle battute finali. Sar\u00e0 l\u2019occasione per ripercorrerne le principali tappe, le prospettive, ma soprattutto conoscere dal vivo il nuovo ecosistema digitale per la conservazione, la descrizione, l\u2019aggregazione e la fruizione dei dati del patrimonio culturale sardo all\u2019interno del rinnovato portale<a href=\"http:\/\/sardegnacultura.it\/\" target=\"_blank\" rel=\"noreferrer noopener\">&nbsp;sardegnacultura.it<\/a>, che consente l\u2019accesso ad oltre 2 milioni di risorse digitali comprendenti immagini, video, audio, testi, panorami virtuali&nbsp;&nbsp;immersivi e ricostruzioni 3D. Nell\u2019incontro sar\u00e0 presentata anche l\u2019APP realizzata per la scoperta e la visita di oltre 400 tra musei, siti archeologici, monumenti e altri punti di interesse del territorio sardo, con contenuti disponibili in 5 lingue.<\/p>\n\n\n\n<p>\u201c\u00c0ndalas de cultura\u201d \u2013 ha sottolineato l\u2019Assessore alla Cultura, Andrea Biancareddu, \u201c\u00e8 una straordinaria occasione di partecipazione al patrimonio culturale rivolta a tutti, scuole, operatori della cultura, istituzioni e cittadini, grazie alle possibilit\u00e0 offerte dalle tecnologie e dalle soluzioni adottate dal progetto. Definire percorsi condivisi per garantire ai cittadini una fruizione sempre pi\u00f9 innovativa del nostro immenso patrimonio regionale\u201d.<\/p>\n\n\n\n<p>I molteplici percorsi offerti dal portale per la scoperta del patrimonio culturale della Sardegna spaziano dagli archivi alle Biblioteche, dai musei e ai luoghi della cultura che possiedono, tutelano, gestiscono e valorizzano beni culturali. A questi ultimi, \u00e8 poi rivolta un\u2019applicazione dedicata, che consente di valorizzare e promuovere la conoscenza di oltre 400 tra le pi\u00f9 rappresentative testimonianze della cultura presenti nel territorio isolano.<\/p>\n\n\n\n<p>L\u2019evento sar\u00e0 trasmesso in diretta streaming sulla pagina Facebook del progetto<a href=\"http:\/\/facebook.com\/andalasdecultura\" target=\"_blank\" rel=\"noreferrer noopener\">&nbsp;facebook.com\/andalasdecultura&nbsp;<\/a><\/p>\n","protected":false},"excerpt":{"rendered":"<p>Cagliari, 19 Sett 2023\u00a0\u2013 E\u2019 in programma\u00a0marted\u00ec prossimo, 26 settembre alle ore 9.30, alla Biblioteca regionale di viale Trieste 137, la presentazione del nuovo portale\u00a0Sardegnacultura.it,&#8230;<\/p>\n","protected":false},"author":2,"featured_media":230442,"comment_status":"closed","ping_status":"open","sticky":false,"template":"","format":"standard","meta":[],"categories":[49,52],"tags":[],"_links":{"self":[{"href":"https:\/\/www.cronacaonline.it\/index.php\/wp-json\/wp\/v2\/posts\/240253"}],"collection":[{"href":"https:\/\/www.cronacaonline.it\/index.php\/wp-json\/wp\/v2\/posts"}],"about":[{"href":"https:\/\/www.cronacaonline.it\/index.php\/wp-json\/wp\/v2\/types\/post"}],"author":[{"embeddable":true,"href":"https:\/\/www.cronacaonline.it\/index.php\/wp-json\/wp\/v2\/users\/2"}],"replies":[{"embeddable":true,"href":"https:\/\/www.cronacaonline.it\/index.php\/wp-json\/wp\/v2\/comments?post=240253"}],"version-history":[{"count":1,"href":"https:\/\/www.cronacaonline.it\/index.php\/wp-json\/wp\/v2\/posts\/240253\/revisions"}],"predecessor-version":[{"id":240254,"href":"https:\/\/www.cronacaonline.it\/index.php\/wp-json\/wp\/v2\/posts\/240253\/revisions\/240254"}],"wp:featuredmedia":[{"embeddable":true,"href":"https:\/\/www.cronacaonline.it\/index.php\/wp-json\/wp\/v2\/media\/230442"}],"wp:attachment":[{"href":"https:\/\/www.cronacaonline.it\/index.php\/wp-json\/wp\/v2\/media?parent=240253"}],"wp:term":[{"taxonomy":"category","embeddable":true,"href":"https:\/\/www.cronacaonline.it\/index.php\/wp-json\/wp\/v2\/categories?post=240253"},{"taxonomy":"post_tag","embeddable":true,"href":"https:\/\/www.cronacaonline.it\/index.php\/wp-json\/wp\/v2\/tags?post=240253"}],"curies":[{"name":"wp","href":"https:\/\/api.w.org\/{rel}","templated":true}]}}