{"id":240228,"date":"2023-09-18T15:35:18","date_gmt":"2023-09-18T13:35:18","guid":{"rendered":"https:\/\/www.cronacaonline.it\/?p=240228"},"modified":"2023-09-18T15:35:22","modified_gmt":"2023-09-18T13:35:22","slug":"consiglio-sardegna-lavori-commissioni-il-calendario-della-settimana-2","status":"publish","type":"post","link":"https:\/\/www.cronacaonline.it\/index.php\/2023\/09\/18\/consiglio-sardegna-lavori-commissioni-il-calendario-della-settimana-2\/","title":{"rendered":"Consiglio Sardegna \u2013 Lavori Commissioni: Il calendario della settimana (2)."},"content":{"rendered":"\n<p>Cagliari, 18 Sett 2023 \u2013 Mercoled\u00ec prossimo (20 settembre) si terr\u00e0 la seduta della commissione Attivit\u00e0 Produttive presieduta da Piero Maieli (Psd\u2019Az), suddivisa in due sessioni: una prima parte al mattino con inizio alle 10.30 ed una al pomeriggio, a partire dalle 16.30.<\/p>\n\n\n\n<p>Nella seduta del mattino, oltre all\u2019esame del Dl 389 sull\u2019assestamento di bilancio, \u00e8 prevista l\u2019audizione dell\u2019assessore dell\u2019Agricoltura Valeria Satta sul tema dell\u2019allevamento suinicolo semibrado. Interverranno il Direttore dell\u2019Istituto Zooprofilattico Sperimentale della Sardegna, numerosi Sindaci del Nuorese (Arzana, Baunei, Desulo, Mamoiada, Nuoro, Oniferi, Orani, Orgosolo, Talana, Triei, Urzulei e Villagrande), i rappresentanti di Coldiretti, Cia, Copagri e Confagricoltura ed il Comitato suinicultori del Gennargentu.<\/p>\n\n\n\n<p>L\u2019assessore Satta illustrer\u00e0 inoltre la Delibera di Giunta n. 264 che contiene le nuove direttive per il pagamento dei premi assicurativi in agricoltura.<\/p>\n\n\n\n<p>Alla riunione del pomeriggio interverr\u00e0 l\u2019assessore del Turismo Gianni Chessa sulla possibile estensione dei contributi previsti dalla legge 7\/55 a manifestazioni ed iniziative di rilevanza nazionale od internazionale, anche al di fuori del territorio regionale, in campo culturale, sportivo od enogastronomico.<\/p>\n\n\n\n<p>Infine, la commissione ascolter\u00e0 sulle problematiche del Superbonus edilizio gli esponenti della Rete delle Professioni e della Consulta delle Costruzioni della Provincia di Sassari.<\/p>\n","protected":false},"excerpt":{"rendered":"<p>Cagliari, 18 Sett 2023 \u2013 Mercoled\u00ec prossimo (20 settembre) si terr\u00e0 la seduta della commissione Attivit\u00e0 Produttive presieduta da Piero Maieli (Psd\u2019Az), suddivisa in due&#8230;<\/p>\n","protected":false},"author":2,"featured_media":192512,"comment_status":"closed","ping_status":"open","sticky":false,"template":"","format":"standard","meta":[],"categories":[49,52],"tags":[],"_links":{"self":[{"href":"https:\/\/www.cronacaonline.it\/index.php\/wp-json\/wp\/v2\/posts\/240228"}],"collection":[{"href":"https:\/\/www.cronacaonline.it\/index.php\/wp-json\/wp\/v2\/posts"}],"about":[{"href":"https:\/\/www.cronacaonline.it\/index.php\/wp-json\/wp\/v2\/types\/post"}],"author":[{"embeddable":true,"href":"https:\/\/www.cronacaonline.it\/index.php\/wp-json\/wp\/v2\/users\/2"}],"replies":[{"embeddable":true,"href":"https:\/\/www.cronacaonline.it\/index.php\/wp-json\/wp\/v2\/comments?post=240228"}],"version-history":[{"count":1,"href":"https:\/\/www.cronacaonline.it\/index.php\/wp-json\/wp\/v2\/posts\/240228\/revisions"}],"predecessor-version":[{"id":240229,"href":"https:\/\/www.cronacaonline.it\/index.php\/wp-json\/wp\/v2\/posts\/240228\/revisions\/240229"}],"wp:featuredmedia":[{"embeddable":true,"href":"https:\/\/www.cronacaonline.it\/index.php\/wp-json\/wp\/v2\/media\/192512"}],"wp:attachment":[{"href":"https:\/\/www.cronacaonline.it\/index.php\/wp-json\/wp\/v2\/media?parent=240228"}],"wp:term":[{"taxonomy":"category","embeddable":true,"href":"https:\/\/www.cronacaonline.it\/index.php\/wp-json\/wp\/v2\/categories?post=240228"},{"taxonomy":"post_tag","embeddable":true,"href":"https:\/\/www.cronacaonline.it\/index.php\/wp-json\/wp\/v2\/tags?post=240228"}],"curies":[{"name":"wp","href":"https:\/\/api.w.org\/{rel}","templated":true}]}}