{"id":240181,"date":"2023-09-16T12:33:41","date_gmt":"2023-09-16T10:33:41","guid":{"rendered":"https:\/\/www.cronacaonline.it\/?p=240181"},"modified":"2023-09-16T12:33:43","modified_gmt":"2023-09-16T10:33:43","slug":"presidente-consiglio-comunale-di-edoardo-tocco-cagliari-e-karakol-siglano-un-accordo-di-amicizia-e-cooperazione","status":"publish","type":"post","link":"https:\/\/www.cronacaonline.it\/index.php\/2023\/09\/16\/presidente-consiglio-comunale-di-edoardo-tocco-cagliari-e-karakol-siglano-un-accordo-di-amicizia-e-cooperazione\/","title":{"rendered":"Presidente Consiglio comunale di Edoardo Tocco: Cagliari e Karakol siglano un Accordo di Amicizia e Cooperazione."},"content":{"rendered":"\n<p>Cagliari, 16 Sett 2023 - In un momento storico che testimonia la crescente importanza delle relazioni internazionali tra citt\u00e0, il Comune di Cagliari e il Comune di Karakol in Kirghizistan hanno siglato un Accordo di Amicizia e Cooperazione destinato a rafforzare legami significativi tra le due comunit\u00e0. La cerimonia di firma, tenutasi nelle scorse ore nella cittadina asiatica di Karakol, segna l'inizio di un partenariato duraturo e ambizioso.<\/p>\n\n\n\n<p>L'articolo 1 dell'accordo stabilisce chiaramente gli obiettivi di questa partnership. Le parti, nell'ambito delle loro competenze, si impegnano a promuovere una cooperazione reciprocamente vantaggiosa che spazia dal commercio e l'economia ai prodotti agricoli, dalla scienza e tecnica all'educazione e alla sfera sociale, dalla cultura all'architettura e all'arte, dallo sport al turismo e a molti altri ambiti di reciproco interesse. Questo ampio spettro di settori di collaborazione promette di portare benefici tangibili alle due citt\u00e0.<\/p>\n\n\n\n<p>Il presidente del Consiglio comunale di Cagliari, Edoardo Tocco, che ha firmato l'accordo insieme al sindaco di Karakol, ha espresso grande entusiasmo riguardo a questa iniziativa. Tocco ha dichiarato: \u201cQuest\u2019Accordo o rappresenta un passo significativo verso una cooperazione internazionale pi\u00f9 profonda e significativa. Cagliari \u00e8 lieta di avviare questa partnership con Karakol, e siamo convinti che insieme possiamo raggiungere risultati straordinari nei prossimi cinque anni\u201d. Ha anche trasmesso i saluti del sindaco Paolo Truzzu, impossibilitato a partecipare alla cerimonia a causa di impegni istituzionali.<\/p>\n\n\n\n<p>Anche il sindaco di Karakol, Chyngyz Bapaev, ha accolto con favore l'accordo, sottolineando l'importanza della nuove relazioni tra citt\u00e0 di diverse culture e tradizioni.<\/p>\n\n\n\n<p>L'accordo di amicizia e cooperazione tra il Comune di Cagliari e il Comune di Karakol avr\u00e0 una durata di cinque anni, ma i legami umani e culturali che si stanno sviluppando promettono di durare molto pi\u00f9 a lungo, creando un ponte duraturo tra due mondi diversi, ma uniti dalla volont\u00e0 di costruire un futuro migliore insieme. Com<\/p>\n\n\n\n<p><\/p>\n","protected":false},"excerpt":{"rendered":"<p>Cagliari, 16 Sett 2023 &#8211; In un momento storico che testimonia la crescente importanza delle relazioni internazionali tra citt\u00e0, il Comune di Cagliari e il&#8230;<\/p>\n","protected":false},"author":2,"featured_media":240184,"comment_status":"closed","ping_status":"open","sticky":false,"template":"","format":"standard","meta":[],"categories":[49,52],"tags":[],"_links":{"self":[{"href":"https:\/\/www.cronacaonline.it\/index.php\/wp-json\/wp\/v2\/posts\/240181"}],"collection":[{"href":"https:\/\/www.cronacaonline.it\/index.php\/wp-json\/wp\/v2\/posts"}],"about":[{"href":"https:\/\/www.cronacaonline.it\/index.php\/wp-json\/wp\/v2\/types\/post"}],"author":[{"embeddable":true,"href":"https:\/\/www.cronacaonline.it\/index.php\/wp-json\/wp\/v2\/users\/2"}],"replies":[{"embeddable":true,"href":"https:\/\/www.cronacaonline.it\/index.php\/wp-json\/wp\/v2\/comments?post=240181"}],"version-history":[{"count":2,"href":"https:\/\/www.cronacaonline.it\/index.php\/wp-json\/wp\/v2\/posts\/240181\/revisions"}],"predecessor-version":[{"id":240185,"href":"https:\/\/www.cronacaonline.it\/index.php\/wp-json\/wp\/v2\/posts\/240181\/revisions\/240185"}],"wp:featuredmedia":[{"embeddable":true,"href":"https:\/\/www.cronacaonline.it\/index.php\/wp-json\/wp\/v2\/media\/240184"}],"wp:attachment":[{"href":"https:\/\/www.cronacaonline.it\/index.php\/wp-json\/wp\/v2\/media?parent=240181"}],"wp:term":[{"taxonomy":"category","embeddable":true,"href":"https:\/\/www.cronacaonline.it\/index.php\/wp-json\/wp\/v2\/categories?post=240181"},{"taxonomy":"post_tag","embeddable":true,"href":"https:\/\/www.cronacaonline.it\/index.php\/wp-json\/wp\/v2\/tags?post=240181"}],"curies":[{"name":"wp","href":"https:\/\/api.w.org\/{rel}","templated":true}]}}