{"id":240134,"date":"2023-09-15T09:52:31","date_gmt":"2023-09-15T07:52:31","guid":{"rendered":"https:\/\/www.cronacaonline.it\/?p=240134"},"modified":"2023-09-15T09:52:34","modified_gmt":"2023-09-15T07:52:34","slug":"un-giovane-di-24-anni-residente-nelle-marche-arrestato-dai-carabinieri-della-stazione-di-ca-santavendrace-maltrattamenti-in-famiglia-minaccia-e-resistenza-a-pubblico-ufficiale","status":"publish","type":"post","link":"https:\/\/www.cronacaonline.it\/index.php\/2023\/09\/15\/un-giovane-di-24-anni-residente-nelle-marche-arrestato-dai-carabinieri-della-stazione-di-ca-santavendrace-maltrattamenti-in-famiglia-minaccia-e-resistenza-a-pubblico-ufficiale\/","title":{"rendered":"Un giovane di 24 anni residente nelle Marche arrestato dai carabinieri della Stazione di Ca-Sant\u2019Avendrace, maltrattamenti in famiglia, minaccia e resistenza a Pubblico Ufficiale."},"content":{"rendered":"\n<p>Cagliari, 15 Sett 2023 - I Carabinieri della Stazione di Ca-Sant'Avendrace, nel rispetto dei diritti delle persone indagate e della presunzione di innocenza, per quanto risulta allo stato e salvo ulteriori approfondimenti, in attesa del giudizio, hanno arrestato ieri, per maltrattamenti in famiglia, minaccia e resistenza a pubblico ufficiale, un ventiquattrenne residente nelle Marche, gi\u00e0 noto per precedenti vicende giudiziarie.<\/p>\n\n\n\n<p>All'interno dell'abitazione di famiglia, il giovane, dopo aver chiesto denaro al padre per l'ennesima volta, al rifiuto opposto da quest'ultimo ha reagito minacciandolo con un coltello da cucina. Pertanto il genitore, preoccupato per la propria incolumit\u00e0, ha chiamato il 112.<\/p>\n\n\n\n<p>La telefonata \u00e8 giunta alla centrale operativa di via Nuoro ed in breve una pattuglia \u00e8 arrivata nella localit\u00e0 indicata, dove il giovane, piuttosto che tranquillizzarsi, ha tentato di nuovo di impugnare il coltello ma \u00e8 stato in breve tempo messo in condizioni di non nuocere dai militari presenti nella casa.<\/p>\n\n\n\n<p>Quindi il 25enne \u00e8 stato portato in caserma e qui, dopo le formalit\u00e0 di legge, \u00e8 stato portato e rinchiuso presso la Casa circondariale di Uta, cos\u00ec come disposto dalla Procura della Repubblica presso il Tribunale di Cagliari.<\/p>\n","protected":false},"excerpt":{"rendered":"<p>Cagliari, 15 Sett 2023 &#8211; I Carabinieri della Stazione di Ca-Sant&#8217;Avendrace, nel rispetto dei diritti delle persone indagate e della presunzione di innocenza, per quanto&#8230;<\/p>\n","protected":false},"author":2,"featured_media":238473,"comment_status":"closed","ping_status":"open","sticky":false,"template":"","format":"standard","meta":[],"categories":[49,52],"tags":[],"_links":{"self":[{"href":"https:\/\/www.cronacaonline.it\/index.php\/wp-json\/wp\/v2\/posts\/240134"}],"collection":[{"href":"https:\/\/www.cronacaonline.it\/index.php\/wp-json\/wp\/v2\/posts"}],"about":[{"href":"https:\/\/www.cronacaonline.it\/index.php\/wp-json\/wp\/v2\/types\/post"}],"author":[{"embeddable":true,"href":"https:\/\/www.cronacaonline.it\/index.php\/wp-json\/wp\/v2\/users\/2"}],"replies":[{"embeddable":true,"href":"https:\/\/www.cronacaonline.it\/index.php\/wp-json\/wp\/v2\/comments?post=240134"}],"version-history":[{"count":1,"href":"https:\/\/www.cronacaonline.it\/index.php\/wp-json\/wp\/v2\/posts\/240134\/revisions"}],"predecessor-version":[{"id":240135,"href":"https:\/\/www.cronacaonline.it\/index.php\/wp-json\/wp\/v2\/posts\/240134\/revisions\/240135"}],"wp:featuredmedia":[{"embeddable":true,"href":"https:\/\/www.cronacaonline.it\/index.php\/wp-json\/wp\/v2\/media\/238473"}],"wp:attachment":[{"href":"https:\/\/www.cronacaonline.it\/index.php\/wp-json\/wp\/v2\/media?parent=240134"}],"wp:term":[{"taxonomy":"category","embeddable":true,"href":"https:\/\/www.cronacaonline.it\/index.php\/wp-json\/wp\/v2\/categories?post=240134"},{"taxonomy":"post_tag","embeddable":true,"href":"https:\/\/www.cronacaonline.it\/index.php\/wp-json\/wp\/v2\/tags?post=240134"}],"curies":[{"name":"wp","href":"https:\/\/api.w.org\/{rel}","templated":true}]}}