{"id":240117,"date":"2023-09-14T17:20:42","date_gmt":"2023-09-14T15:20:42","guid":{"rendered":"https:\/\/www.cronacaonline.it\/?p=240117"},"modified":"2023-09-14T17:20:44","modified_gmt":"2023-09-14T15:20:44","slug":"protezione-civile-assessore-porcu-incontra-team-extreme-e-e-importante-far-conoscere-il-ruolo-e-lattivita-del-sistema-regionale-e-del-corpo-forestale-anche-allest","status":"publish","type":"post","link":"https:\/\/www.cronacaonline.it\/index.php\/2023\/09\/14\/protezione-civile-assessore-porcu-incontra-team-extreme-e-e-importante-far-conoscere-il-ruolo-e-lattivita-del-sistema-regionale-e-del-corpo-forestale-anche-allest\/","title":{"rendered":"Protezione civile, assessore Porcu incontra team \u2018Extreme \u00c8: \u2018\u00e8 importante far conoscere il ruolo e l\u2019attivit\u00e0 del sistema regionale e del corpo forestale anche all\u2019estero\u2019."},"content":{"rendered":"\n<p>Cagliari, 14 Sett 2023\u00a0\u2013 \u201c\u00c8 importante far conoscere il ruolo e l\u2019attivit\u00e0 in Sardegna della Protezione civile e del Corpo forestale anche all\u2019estero, soprattutto a chi \u00e8 impegnato nel promuovere un sistema di sostenibilit\u00e0 ambientale\u201d. Lo ha detto l\u2019assessore regionale della Difesa dell\u2019ambiente, Marco Porcu, in occasione dell\u2019incontro, prima nella sala operativa della Protezione civile regionale e poi nella base del Corpo forestale di Pula, coi piloti del circuito \u201cExtreme E\u201d, impegnati nella tappa italiana del campionato del mondo all'interno del circuito predisposto nel poligono interforze di Teulada.<\/p>\n\n\n\n<p>\u201c\u00c8 un gruppo fortemente impegnato nell\u2019attivit\u00e0 di promozione della sostenibilit\u00e0 ambientale ed ha gi\u00e0 collaborato con la Protezione civile regionale in occasione dell\u2019incendio del Montiferru del 2021 \u2013 ha aggiunto l\u2019assessore Porcu \u2013 Il team ha donato un software di monitoraggio degli incendi boschivi attraverso le tecnologie satellitari, sviluppato in Australia e da loro sponsorizzato. Inoltre, ha offerto un migliaio di olivi&nbsp;alla comunit\u00e0 del Montiferru&nbsp;per le azioni di ricostruzione degli oliveti distrutti nei luoghi colpiti dalle fiamme\u201d.&nbsp;Com<\/p>\n","protected":false},"excerpt":{"rendered":"<p>Cagliari, 14 Sett 2023\u00a0\u2013 \u201c\u00c8 importante far conoscere il ruolo e l\u2019attivit\u00e0 in Sardegna della Protezione civile e del Corpo forestale anche all\u2019estero, soprattutto a&#8230;<\/p>\n","protected":false},"author":2,"featured_media":240118,"comment_status":"closed","ping_status":"open","sticky":false,"template":"","format":"standard","meta":[],"categories":[49,52],"tags":[],"_links":{"self":[{"href":"https:\/\/www.cronacaonline.it\/index.php\/wp-json\/wp\/v2\/posts\/240117"}],"collection":[{"href":"https:\/\/www.cronacaonline.it\/index.php\/wp-json\/wp\/v2\/posts"}],"about":[{"href":"https:\/\/www.cronacaonline.it\/index.php\/wp-json\/wp\/v2\/types\/post"}],"author":[{"embeddable":true,"href":"https:\/\/www.cronacaonline.it\/index.php\/wp-json\/wp\/v2\/users\/2"}],"replies":[{"embeddable":true,"href":"https:\/\/www.cronacaonline.it\/index.php\/wp-json\/wp\/v2\/comments?post=240117"}],"version-history":[{"count":1,"href":"https:\/\/www.cronacaonline.it\/index.php\/wp-json\/wp\/v2\/posts\/240117\/revisions"}],"predecessor-version":[{"id":240119,"href":"https:\/\/www.cronacaonline.it\/index.php\/wp-json\/wp\/v2\/posts\/240117\/revisions\/240119"}],"wp:featuredmedia":[{"embeddable":true,"href":"https:\/\/www.cronacaonline.it\/index.php\/wp-json\/wp\/v2\/media\/240118"}],"wp:attachment":[{"href":"https:\/\/www.cronacaonline.it\/index.php\/wp-json\/wp\/v2\/media?parent=240117"}],"wp:term":[{"taxonomy":"category","embeddable":true,"href":"https:\/\/www.cronacaonline.it\/index.php\/wp-json\/wp\/v2\/categories?post=240117"},{"taxonomy":"post_tag","embeddable":true,"href":"https:\/\/www.cronacaonline.it\/index.php\/wp-json\/wp\/v2\/tags?post=240117"}],"curies":[{"name":"wp","href":"https:\/\/api.w.org\/{rel}","templated":true}]}}