{"id":240112,"date":"2023-09-14T15:21:08","date_gmt":"2023-09-14T13:21:08","guid":{"rendered":"https:\/\/www.cronacaonline.it\/?p=240112"},"modified":"2023-09-14T15:21:11","modified_gmt":"2023-09-14T13:21:11","slug":"lormai-ex-consigliere-regionale-stefano-tunis-mi-dimetto-perche-sardegna-al-centro-20-20-e-davvero-un-movimento-diverso-entra-al-suo-posto-dino-cocco","status":"publish","type":"post","link":"https:\/\/www.cronacaonline.it\/index.php\/2023\/09\/14\/lormai-ex-consigliere-regionale-stefano-tunis-mi-dimetto-perche-sardegna-al-centro-20-20-e-davvero-un-movimento-diverso-entra-al-suo-posto-dino-cocco\/","title":{"rendered":"L\u2019ormai ex consigliere regionale Stefano Tunis: mi dimetto perch\u00e9 Sardegna al Centro 20\/20 \u00e8 davvero un movimento diverso. Entra al suo posto Dino Cocco."},"content":{"rendered":"\n<p>Cagliari, 14 Sett 2023 - A sei mesi dal voto il consigliere regionale Stefano Tunis ha annunciato questa mattina le dimissioni dal Consiglio regionale, dopo averle consegnate alla presidenza del Consiglio regionale. \u201cIl nostro progetto civico \u00e8 iniziato tanti anni fa costruendo una rete di amministratori locali che oggi conta pi\u00f9 di 60 sindaci. Non ci siamo mai appiattiti sulla poltrona\u201d, ha detto Tunis aprendo la conferenza stampa. Accanto, Antonello Peru, l\u2019altro leader di Sardegna al Centro 20\/20, l\u2019assessora Anita Pili e Dino Cocco, quartese, primo dei non eletti e prossimo subentrante al posto di Tunis. Che ha proseguito: \u201cIl nostro movimento condivide davvero il sistema della partecipazione e oggi compio questo fatto che \u00e8 visto come clamoroso, perch\u00e9 nessuno lo ha mai fatto finora, ma che \u00e8 in linea con il nostro modo di essere. Io e Antonello Peru e cos\u00ec tutto il movimento facciamo esattamente quello che diciamo che faremo. Manteniamo promesse come questa, che io avevo assunto pubblicamente nel dicembre del 2020. Torno al mio lavoro di dirigente d\u2019azienda, mi occuper\u00f2 di certo del movimento politico che stiamo costruendo e si vedr\u00e0 se parteciper\u00f2 alle prossime elezioni\u201d.<\/p>\n\n\n\n<p>A seguire Peru, che insieme all\u2019assessore Pili si \u00e8 complimentato con Tunis: \u201cI destini dei singoli non sono l\u2019epicentro di questo progetto e lo stiamo dimostrando. Non siamo noi che dobbiamo dire con chi andremo ma altri dovranno chiederci di venire con noi\u201d.<\/p>\n\n\n\n<p>Ora spetta al Consiglio regionale, alla prima seduta utile, accettare le dimissioni di Tunis e proclamare l\u2019avvenuta elezione di Dino Cocco. Che ha annunciato in conferenza stampa la sua volont\u00e0 di occuparsi nei prossimi sei mesi di problemi concreti dei Comuni, \u201ca cominciare a Quartu\u201d, terza citt\u00e0 della Sardegna, \u201cche non aveva rappresentanti in Consiglio regionale da molto tempo\u201d. Com<\/p>\n","protected":false},"excerpt":{"rendered":"<p>Cagliari, 14 Sett 2023 &#8211; A sei mesi dal voto il consigliere regionale Stefano Tunis ha annunciato questa mattina le dimissioni dal Consiglio regionale, dopo&#8230;<\/p>\n","protected":false},"author":2,"featured_media":239401,"comment_status":"closed","ping_status":"open","sticky":false,"template":"","format":"standard","meta":[],"categories":[49,52],"tags":[],"_links":{"self":[{"href":"https:\/\/www.cronacaonline.it\/index.php\/wp-json\/wp\/v2\/posts\/240112"}],"collection":[{"href":"https:\/\/www.cronacaonline.it\/index.php\/wp-json\/wp\/v2\/posts"}],"about":[{"href":"https:\/\/www.cronacaonline.it\/index.php\/wp-json\/wp\/v2\/types\/post"}],"author":[{"embeddable":true,"href":"https:\/\/www.cronacaonline.it\/index.php\/wp-json\/wp\/v2\/users\/2"}],"replies":[{"embeddable":true,"href":"https:\/\/www.cronacaonline.it\/index.php\/wp-json\/wp\/v2\/comments?post=240112"}],"version-history":[{"count":1,"href":"https:\/\/www.cronacaonline.it\/index.php\/wp-json\/wp\/v2\/posts\/240112\/revisions"}],"predecessor-version":[{"id":240113,"href":"https:\/\/www.cronacaonline.it\/index.php\/wp-json\/wp\/v2\/posts\/240112\/revisions\/240113"}],"wp:featuredmedia":[{"embeddable":true,"href":"https:\/\/www.cronacaonline.it\/index.php\/wp-json\/wp\/v2\/media\/239401"}],"wp:attachment":[{"href":"https:\/\/www.cronacaonline.it\/index.php\/wp-json\/wp\/v2\/media?parent=240112"}],"wp:term":[{"taxonomy":"category","embeddable":true,"href":"https:\/\/www.cronacaonline.it\/index.php\/wp-json\/wp\/v2\/categories?post=240112"},{"taxonomy":"post_tag","embeddable":true,"href":"https:\/\/www.cronacaonline.it\/index.php\/wp-json\/wp\/v2\/tags?post=240112"}],"curies":[{"name":"wp","href":"https:\/\/api.w.org\/{rel}","templated":true}]}}