{"id":240094,"date":"2023-09-14T08:42:43","date_gmt":"2023-09-14T06:42:43","guid":{"rendered":"https:\/\/www.cronacaonline.it\/?p=240094"},"modified":"2023-09-14T08:42:46","modified_gmt":"2023-09-14T06:42:46","slug":"approvazione-collegato-pais-provvedimento-di-grande-impatto-per-lisola","status":"publish","type":"post","link":"https:\/\/www.cronacaonline.it\/index.php\/2023\/09\/14\/approvazione-collegato-pais-provvedimento-di-grande-impatto-per-lisola\/","title":{"rendered":"Approvazione Collegato. Pais: \u201cProvvedimento di grande impatto per l\u2019Isola\u201d."},"content":{"rendered":"\n<p>Cagliari, 14 Sett 2023 \u2013 Soddisfazione \u00e8 stata espressa ieri pomeriggio dal Presidente del Consiglio regionale Michele Pais per l\u2019approvazione, a maggioranza, del DL 373\/A \u201cDisposizioni di carattere istituzionale e ordinamentale su varie materie\u201d (Collegato).\u00a0\u00a0<\/p>\n\n\n\n<p>\u201cIl provvedimento, il cui esame \u00e8 cominciato il 20 luglio, dopo 23 sedute e oltre 60 ore di dibattito ha avuto il via libera dell\u2019Aula. Di grande importanza gli articoli e gli emendamenti approvati soprattutto in materia di enti locali (province), trasporti, turismo, sanit\u00e0, lavori pubblici, edilizia popolare, agricoltura e lavoro\u201d.<\/p>\n\n\n\n<p>Il Presidente Pais ha ringraziato il presidente della Regione, l\u2019assessore al Bilancio Fasolino, la maggioranza e l\u2019opposizione per il grande lavoro svolto: \u201cIl dibattito, a volte dai toni accesi, ha testimoniato ancora una volta la grande passione dell\u2019Aula nel portare avanti i temi importanti contenuti in questa legge. Salutiamo con favore, solo per citarne alcuni, i 25 milioni di euro per il potenziamento del traffico aereo nell\u2019isola, i provvedimenti in materia di enti locali che rendono operativa la legge n. 7 del 2021 approvata dal Consiglio regionale che riforma l\u2019assetto territoriale della Regione. Un atto opportuno in attesa che sia varata dal governo nazionale, su proposta del Ministro Calderoli, la riforma in materia per il riordino territoriale dell\u2019intero paese. Il varo del provvedimento comporter\u00e0 la possibilit\u00e0, come \u00e8 auspicabile, di arrivare per le province a elezioni di primo livello\u201d. Com<\/p>\n","protected":false},"excerpt":{"rendered":"<p>Cagliari, 14 Sett 2023 \u2013 Soddisfazione \u00e8 stata espressa ieri pomeriggio dal Presidente del Consiglio regionale Michele Pais per l\u2019approvazione, a maggioranza, del DL 373\/A&#8230;<\/p>\n","protected":false},"author":2,"featured_media":192539,"comment_status":"closed","ping_status":"open","sticky":false,"template":"","format":"standard","meta":[],"categories":[49,52],"tags":[],"_links":{"self":[{"href":"https:\/\/www.cronacaonline.it\/index.php\/wp-json\/wp\/v2\/posts\/240094"}],"collection":[{"href":"https:\/\/www.cronacaonline.it\/index.php\/wp-json\/wp\/v2\/posts"}],"about":[{"href":"https:\/\/www.cronacaonline.it\/index.php\/wp-json\/wp\/v2\/types\/post"}],"author":[{"embeddable":true,"href":"https:\/\/www.cronacaonline.it\/index.php\/wp-json\/wp\/v2\/users\/2"}],"replies":[{"embeddable":true,"href":"https:\/\/www.cronacaonline.it\/index.php\/wp-json\/wp\/v2\/comments?post=240094"}],"version-history":[{"count":1,"href":"https:\/\/www.cronacaonline.it\/index.php\/wp-json\/wp\/v2\/posts\/240094\/revisions"}],"predecessor-version":[{"id":240095,"href":"https:\/\/www.cronacaonline.it\/index.php\/wp-json\/wp\/v2\/posts\/240094\/revisions\/240095"}],"wp:featuredmedia":[{"embeddable":true,"href":"https:\/\/www.cronacaonline.it\/index.php\/wp-json\/wp\/v2\/media\/192539"}],"wp:attachment":[{"href":"https:\/\/www.cronacaonline.it\/index.php\/wp-json\/wp\/v2\/media?parent=240094"}],"wp:term":[{"taxonomy":"category","embeddable":true,"href":"https:\/\/www.cronacaonline.it\/index.php\/wp-json\/wp\/v2\/categories?post=240094"},{"taxonomy":"post_tag","embeddable":true,"href":"https:\/\/www.cronacaonline.it\/index.php\/wp-json\/wp\/v2\/tags?post=240094"}],"curies":[{"name":"wp","href":"https:\/\/api.w.org\/{rel}","templated":true}]}}