{"id":240086,"date":"2023-09-13T19:30:09","date_gmt":"2023-09-13T17:30:09","guid":{"rendered":"https:\/\/www.cronacaonline.it\/?p=240086"},"modified":"2023-09-13T19:30:12","modified_gmt":"2023-09-13T17:30:12","slug":"sanita-lassessore-doria-dal-collegato-risorse-per-potenziare-lassistenza-sul-territorio-e-negli-ospedali","status":"publish","type":"post","link":"https:\/\/www.cronacaonline.it\/index.php\/2023\/09\/13\/sanita-lassessore-doria-dal-collegato-risorse-per-potenziare-lassistenza-sul-territorio-e-negli-ospedali\/","title":{"rendered":"Sanit\u00e0, l\u2019assessore Doria: \u201cdal collegato risorse per potenziare l\u2019assistenza sul territorio e negli ospedali\u201d."},"content":{"rendered":"\n<p>Cagliari, 13 Sett 2023\u00a0\u2013 Risorse per la medicina generale a cui si aggiungono fondi per gli incentivi per chi sceglie di lavorare negli ospedali in difficolt\u00e0, per il riconoscimento di compensi pi\u00f9 alti per le prestazioni aggiuntive, per il reclutamento di medici stranieri, per il trasporto dei dializzati, per il potenziamento della rete di emergenza urgenza, per gli screening prenatali e per la formazione specialistica dei medici e degli infermieri di comunit\u00e0, ma anche l\u2019istituzione di un indice di sofferenza in grado di definire delle priorit\u00e0 nelle procedure per le assunzioni di personale per gli ospedali dell\u2019Isola. Sono questi, in sintesi, i provvedimenti per la sanit\u00e0 sarda contenuti nel Collegato alla legge Finanziaria approvato oggi in Consiglio regionale.<\/p>\n\n\n\n<p>In particolare, in merito alla misura che riguarda i medici di famiglia l\u2019assessore Doria precisa: \u201cA marzo, a pochi mesi dall\u2019inizio del mio incarico come assessore, ho incontrato i medici di medicina generale a Tramatza nell\u2019ambito di un grande confronto molto partecipato e con loro ho preso degli impegni precisi. Con l\u2019approvazione del Collegato abbiamo destinato integralmente i 20 milioni di euro per il 2024 e altrettante risorse per il 2025, stanziati nell\u2019ultima Finanziaria, alla copertura del nuovo Accordo integrativo regionale (Air), in cui troveranno risposta molte delle richieste avanzate dai medici e dunque l\u2019attuazione degli istituti dell\u2019Accordo collettivo nazionale (Acn) attualmente in vigore, inoltre abbiamo redistribuito risorse per 3 milioni di euro sui progetti di assistenza territoriale (Ascot) sulla base delle esigenze espresse dalle Asl. L\u2019obiettivo \u00e8 quello di rafforzare le cure sul territorio, migliorando le condizioni di lavoro dei medici\u201d.<\/p>\n\n\n\n<p>Cade inoltre l\u2019obbligo di certificazione medica previsto per il rientro a scuola degli studenti: \u201cUn provvedimento gi\u00e0 adottato da tempo in altre regioni, che accoglie le richieste dei medici e punta a una semplificazione oggi sempre pi\u00f9 necessaria\u201d.<\/p>\n\n\n\n<p>Sul fronte degli ospedali sono stati disposti l\u2019incremento del corrispettivo orario per le prestazioni aggiuntive fino a 100 euro per i medici e fino a 60 euro per il comparto e la costituzione di un fondo con una dotazione di 5 milioni di euro l\u2019anno da destinare a un\u2019indennit\u00e0 per i medici e il personale del comparto che operano in sedi disagiate, caratterizzate da un\u2019elevata carenza sotto il profilo assistenziale, e una dotazione di 6 milioni di euro, destinati alle Asl, per il reclutamento di medici stranieri, analogamente a quanto gi\u00e0 avvenuto in altre regioni. Istituito anche un \u2018indice di sofferenza\u2019 da utilizzare nelle procedure concorsuali per favorire gli ospedali che registrano le carenze pi\u00f9 gravi e che hanno maggiori difficolt\u00e0 a trovare personale disposto a ricoprire incarichi.<\/p>\n\n\n\n<p>Autorizzata anche la spesa di 2 milioni di euro per il trasporto ai dializzati dal domicilio ai centri di cura: \u201cUna misura \u2013 sottolinea l\u2019assessore Doria \u2013 che va incontro alle esigenze di tanti pazienti, soprattutto quelli che necessitano di trasporti particolari e molto costosi e che, spesso, non risiedono nei Comuni in cui si trovano i centri\u201d.<\/p>\n\n\n\n<p>Per il potenziamento della rete dell\u2019emergenza urgenza sono stati destinati invece 18,5 milioni di euro: 3,7 milioni per il 2023 e 7,4 milioni per ciascun anno per il 2024 e 2025. Potenziato anche l\u2019impianto degli screening prenatali per garantire alle donne in gravidanza l\u2019accesso gratuito a test prenatali (NIPT, oggi disponibili solo privatamente) non invasivi.<\/p>\n\n\n\n<p>Risorse anche per la formazione: 3,7 milioni di euro per il finanziamento dei ruoli docenti per l\u2019attivazione della scuola di specializzazione di Pediatria all\u2019Universit\u00e0 di Sassari (che andrebbe ad aggiungersi a quella gi\u00e0 presente a Cagliari) e, sempre nell\u2019ateneo sassarese, per la scuola di specializzazione in Chirurgia pediatrica (la prima in Sardegna); un milione di euro (ripartiti tra le Universit\u00e0 di Cagliari e Sassari) per il finanziamento dei master di primo livello per la formazione degli infermieri di Comunit\u00e0, nuove figure professionali previste dal nuovo assetto della sanit\u00e0 territoriale. Com<\/p>\n","protected":false},"excerpt":{"rendered":"<p>Cagliari, 13 Sett 2023\u00a0\u2013 Risorse per la medicina generale a cui si aggiungono fondi per gli incentivi per chi sceglie di lavorare negli ospedali in&#8230;<\/p>\n","protected":false},"author":2,"featured_media":239855,"comment_status":"closed","ping_status":"open","sticky":false,"template":"","format":"standard","meta":[],"categories":[49,52],"tags":[],"_links":{"self":[{"href":"https:\/\/www.cronacaonline.it\/index.php\/wp-json\/wp\/v2\/posts\/240086"}],"collection":[{"href":"https:\/\/www.cronacaonline.it\/index.php\/wp-json\/wp\/v2\/posts"}],"about":[{"href":"https:\/\/www.cronacaonline.it\/index.php\/wp-json\/wp\/v2\/types\/post"}],"author":[{"embeddable":true,"href":"https:\/\/www.cronacaonline.it\/index.php\/wp-json\/wp\/v2\/users\/2"}],"replies":[{"embeddable":true,"href":"https:\/\/www.cronacaonline.it\/index.php\/wp-json\/wp\/v2\/comments?post=240086"}],"version-history":[{"count":1,"href":"https:\/\/www.cronacaonline.it\/index.php\/wp-json\/wp\/v2\/posts\/240086\/revisions"}],"predecessor-version":[{"id":240087,"href":"https:\/\/www.cronacaonline.it\/index.php\/wp-json\/wp\/v2\/posts\/240086\/revisions\/240087"}],"wp:featuredmedia":[{"embeddable":true,"href":"https:\/\/www.cronacaonline.it\/index.php\/wp-json\/wp\/v2\/media\/239855"}],"wp:attachment":[{"href":"https:\/\/www.cronacaonline.it\/index.php\/wp-json\/wp\/v2\/media?parent=240086"}],"wp:term":[{"taxonomy":"category","embeddable":true,"href":"https:\/\/www.cronacaonline.it\/index.php\/wp-json\/wp\/v2\/categories?post=240086"},{"taxonomy":"post_tag","embeddable":true,"href":"https:\/\/www.cronacaonline.it\/index.php\/wp-json\/wp\/v2\/tags?post=240086"}],"curies":[{"name":"wp","href":"https:\/\/api.w.org\/{rel}","templated":true}]}}