{"id":240084,"date":"2023-09-13T19:27:18","date_gmt":"2023-09-13T17:27:18","guid":{"rendered":"https:\/\/www.cronacaonline.it\/?p=240084"},"modified":"2023-09-13T19:27:21","modified_gmt":"2023-09-13T17:27:21","slug":"collegato-alla-finanziaria-il-presidente-sardegna-chiuso-un-percorso-che-dimostra-la-volonta-della-regione-sarda-di-liberare-risorse-per-la-ripresa-e-lo-sviluppo","status":"publish","type":"post","link":"https:\/\/www.cronacaonline.it\/index.php\/2023\/09\/13\/collegato-alla-finanziaria-il-presidente-sardegna-chiuso-un-percorso-che-dimostra-la-volonta-della-regione-sarda-di-liberare-risorse-per-la-ripresa-e-lo-sviluppo\/","title":{"rendered":"Collegato alla finanziaria, il presidente Sardegna: \u201cchiuso un percorso che dimostra la volont\u00e0 della Regione sarda di liberare risorse per la ripresa e lo sviluppo\u201d."},"content":{"rendered":"\n<p>Cagliari, 13 Sett 2023\u00a0\u2013 \u00c8 stata messa a punto, con l\u2019approvazione del \u201cCollegato\u201d alla manovra Finanziaria, la manutenzione normativa necessaria per dare efficacia ad alcune norme e per dare una pronta risposta ad alcune esigenze (per esempio quella relativa agli incendi di luglio e agosto, con 5 milioni di euro). Sul piano finanziario con il Collegato sono state movimentate risorse interne (senza quindi maggiori oneri per il Bilancio regionale) per circa 136 milioni nel 2023, 73 nel 2024, 72 nel 2025. \u201cAbbiamo chiuso un percorso dimostrando volont\u00e0 di agire nel bene della nostra Isola e lealt\u00e0 rispetto agli impegni presi con i cittadini e le cittadine sardi. Daremo quindi gambe a tutte quelle norme di manutenzione legislativa che per competenza non hanno trovato spazio nella legge Finanziaria ma che, proprio grazie a questo disegno di legge, la implementano e ne agevolano la messa in pratica, con uno sguardo sempre proiettato sulle sfide future\u201d, ha spiegato il Presidente della Regione Sardegna.<\/p>\n\n\n\n<p>Sanit\u00e0 - Tra le ultime novit\u00e0: \u00e8 stato introdotto \u201cl\u2019Indice di sofferenza\u201d per agevolare il reclutamento di personale sanitario nelle sedi in cui gli organici registrano le carenze di organico pi\u00f9 forti. Aumentano le tariffe delle prestazioni aggiuntive fino a 100 euro per la dirigenza sanitaria e fino a 60 euro per il comparto, da utilizzare prioritariamente per lo smaltimento delle liste d\u2019attesa.<\/p>\n\n\n\n<p>Tra le altre disposizioni approvate la costituzione di un fondo con una dotazione massima di 5 milioni di euro l\u2019anno per corrispondere ai medici e al personale del comparto un\u2019indennit\u00e0 che dovr\u00e0 essere definita in sede di contrattazione collettiva allo scopo di sostenere l\u2019operativit\u00e0 degli ospedali situati in sedi disagiate e con un\u2019elevata carenza sotto il profilo assistenziale. Per l\u2019integrazione delle risorse disponibili per il nuovo Accordo (AIR) con i medici di medicina generale, sono interamente destinati 20 milioni di euro per ciascuno degli anni 2024 e 2025, gi\u00e0 stanziati nella legge Finanziaria, al fine di garantire i livelli essenziali di assistenza in modo uniforme su tutto il territorio, ed \u00e8 autorizzata la spesa di 6 milioni di euro per la stipula di accordi con altri Paesi, destinati alle aziende sanitarie dell\u2019Isola, per il reclutamento di medici stranieri, analogamente a quanto avvenuto in altre regioni. Per il trasporto dei dializzati dal domicilio ai centri di cura \u00e8 stata autorizzata spesa di 2 milioni di euro.<\/p>\n\n\n\n<p>Per l\u2019emodialisi destinato un ulteriore milione di euro ad Ares per l\u2019acquisto di prestazioni da erogare ai cittadini residenti e non residenti (come, ad esempio, la dialisi in vacanza).&nbsp;&nbsp;Per il potenziamento della rete dell\u2019emergenza urgenza destinati 18,5 milioni di euro: 3,7 milioni per il 2023, 7,4 milioni per ciascun anno per il 2024 e 2025.<\/p>\n\n\n\n<p>Per la formazione dei medici destinati 3,7 milioni di euro per il finanziamento dei ruoli docenti per l\u2019attivazione della scuola di specializzazione di Pediatria all\u2019Universit\u00e0 di Sassari (che andrebbe ad aggiungersi a quella gi\u00e0 presente a Cagliari) e, sempre nell\u2019ateneo turritano, per la scuola di specializzazione in Chirurgia pediatrica (la prima in Sardegna). Via libera anche alla misura che mette in campo poco pi\u00f9 di un milione di euro da ripartire tra le Universit\u00e0 di Cagliari e Sassari per la realizzazione di master di primo livello per la formazione degli infermieri di Comunit\u00e0. Potenziato anche l\u2019impianto degli screening prenatali nell\u2019Isola con una disposizione che intercetta l\u2019esigenza di garantire alle donne in gravidanza l\u2019accesso gratuito a test prenatali (NIPT, oggi disponibili solo privatamente).<\/p>\n\n\n\n<p>Province - Riparte il procedimento per l\u2019istituzione e il funzionamento delle 6 province (Oristano, Nuoro, Ogliastra, Sulcis Iglesiente, Medio Campidano, della Gallura-Nord Est) e delle due citt\u00e0 metropolitane (oltre a Cagliari nasce la citt\u00e0 metropolitana di Sassari che sostituisce la Rete metropolitana di Sassari).<\/p>\n\n\n\n<p>Riqualificazione Zone Costiere (Zone F) - I Comuni, nell\u2019adeguamento degli strumenti urbanistici al Piano Paesaggistico Regionale, seguendo l'obiettivo di favorire la riqualificazione degli insediamenti costieri e il rafforzamento e la diversificazione dell\u2019offerta turistica, possono recuperare il 25% della capacit\u00e0 volumetrica a suo tempo \u201ccongelata\u201d dalla salvacoste (sempre e solo mediante adeguamento del Puc al Ppr). Queste volumetrie devono essere destinate esclusivamente alla realizzazione di nuovi alberghi a 5 stelle o superiori purch\u00e9 localizzati oltre la fascia dei 300 metri dal mare, ridotta a 150 metri per le isole minori.<\/p>\n\n\n\n<p>Guardando invece all\u2019esistente, l\u2019incremento del 25% pu\u00f2 essere utilizzato per elevare lo standard qualitativo delle strutture ricettive gi\u00e0 operative a prescindere dalla loro classificazione, fino a un massimo del 15% del volume realizzato dalla singola struttura in base al titolo abilitativo originario, senza aumento dei posti letto. In questo secondo caso l\u2019intervento \u00e8 ammissibile a condizione che sia finalizzato alla riqualificazione generale del complesso edilizio esistente e delle relative aree di pertinenza, senza incremento delle superfici impermeabili (adeguamento spazi comuni, spa, piscine, estensione hall e via dicendo); in arretramento rispetto all\u2019edificio preesistente e non verso il mare; nel rispetto del limite fondiario massimo e della dotazione degli spazi pubblici per le zone F.<\/p>\n\n\n\n<p>Riqualificazione del patrimonio edilizio - Previsto il riuso a fini abitativi e il recupero di sottotetti, piani pilotis, seminterrati e locali a piano terra a patto che siano situati in zone non a rischio. Il tutto permette di limitare il consumo di suolo. \u00c8 consentita la realizzazione di soppalchi e l\u2019ampliamento volumetrico fino a 120 mc per adeguare gli spazi destinati a persone diversamente abili con gravi patologie (non \u00e8 previsto il cambio di destinazione d\u2019uso). Per allungare la stagione turistica \u00e8 consentita la chiusura di verande per 240 giorni l\u2019anno per le strutture ricettive. Tutto resta vietato in zone a rischio idrogeologico e dove eventualmente non consentito dal piano paesaggistico regionale. Aumenta inoltre il cofinanziamento regionale dei bandi della Legge regionale 29\/1998 in favore dei comuni per la tutela e valorizzazione degli edifici pubblici nei centri storici (la quota passa dal 60 al 90%).<\/p>\n\n\n\n<p>Agricoltura - Dieci milioni per i comparti agricoli fino a oggi esclusi dai finanziamenti, fra tutti quelli olivicolo e viticolo, (anch\u2019essi fortemente colpiti dalla crisi di mercato) che si sommano ai 20 della Finanziaria. Per garantire il completamento degli interventi delle misure del Sistema integrato di gestione e controllo (SIGC) delle annualit\u00e0 2019 e 2020 del PSR Sardegna 2014-2022 - Organismo pagatore regionale ARGEA Sardegna \u2013 \u00e8 autorizzata, per il 2023, la spesa di euro 7.700.000. Considerata l\u2019urgenza di adempiere agli obblighi, con la norma approvata si autorizza l\u2019Agenzia Argea a utilizzare le somme gi\u00e0 stanziate per il cofinanziamento del PSR 2014-2022.<\/p>\n\n\n\n<p>Garantite le risorse destinate agli aiuti per il pagamento di premi assicurativi relativi alla campagna 2023: con il collegato alla finanziaria \u00e8 stata autorizzata a favore dei Consorzi di difesa per l\u2019anno 2023 la spesa di 9.491.969. Previste anche le disposizioni in materia di pesca a strascico: \u00e8 prevista l\u2019attuazione di un piano finalizzato alla riduzione dell\u2019impatto delle diverse attivit\u00e0 di pesca nella fascia costiera con uno stanziamento di 1 milione di euro per la riconversione delle imbarcazioni, una indennit\u00e0 di \u201cstop\u201d delle imbarcazioni fino ad un massimo di 150.000 euro ed inoltre un finanziamento fino al 50% delle spese sostenute per le attrezzature necessarie alla riconversione fino ad un massimo di 850.000 euro. Le indennit\u00e0 di riconversione verranno erogate fino ad esaurimento delle risorse disponibili.<\/p>\n\n\n\n<p>Autorizzata infine, per l\u2019anno in corso, la spesa di 1.500.000 da erogare a titolo di contributi a favore degli istituti agrari della Sardegna per l'ammodernamento delle aziende agricole di loro propriet\u00e0. Le modalit\u00e0 attuative dell\u2019intervento saranno definite con deliberazione della Giunta regionale.<\/p>\n\n\n\n<p>Lavori Pubblici - Entrano tra i beneficiari per l'acquisto o ristrutturazione delle case nei comuni sotto i 3mila abitanti anche coloro che avevano maturato i requisiti da gennaio 2022 (al momento esclusi). Area potr\u00e0 riqualificare il patrimonio edilizio (40 milioni prima destinati alla realizzazione di nuovi alloggi ora potranno essere impiegati sugli immobili esistenti). Stanziati, infine, 12 milioni per la messa a norma dei piccoli invasi.<\/p>\n\n\n\n<p>Ambiente - Nel veicolo normativo hanno trovato spazio le risposte ad alcune situazioni che necessitavano di intervento: dal contributo per l\u2019avvio dell\u2019impianto di compostaggio alla Tossilo (1 milione di euro), ai contributi per i danni derivanti dagli incendi di questa estate (per i quali seguir\u00e0 una delibera di Giunta con la precisazione dei criteri), alcuni piccoli interventi sulla caccia, fino ad arrivare alla riperimetrazione del Parco di Gutturu Mannu, come richiesto da alcune Amministrazioni comunali, e alla definitiva istituzionalizzazione della Rete regionale per la Conservazione della fauna marina.<\/p>\n\n\n\n<p>Trasporti - 25 milioni per nuove rotte, concessi per il potenziamento del traffico aereo da e verso gli aeroporti sardi (5 milioni per il 2023 e 10 per ciascuno degli anni 2024 e 2025). Beneficiari i vettori aerei europei (in possesso del Certificato di operatore aereo e della relativa licenza di esercizio) iscritti nel registro delle imprese dello Stato di appartenenza. La Regione supporter\u00e0 le compagnie nella forma dell''Aiuto all'avviamento' per incentivare l'attivazione di nuove rotte. Con una delibera di Giunta saranno poi emanate le \"direttive di dettaglio dei programmi di attivit\u00e0 soggetti a contribuzione, anche con particolare riferimento alle specifiche rotte, all'offerta di trasporto e alla sua durata\".<\/p>\n\n\n\n<p>Lavoro - Con il Collegato si completano i programmi della finanziaria, con vari provvedimenti tra cui l'aumento dei Cantieri di Lavoro, estesi a tutti gli Enti pubblici, per coprire molte esigenze di occupazione (2 milioni di euro nel triennio); la programmazione del futuro di sicurezza e sviluppo dei Lavoratori del Parco Geominerario e di tutti i lavoratori in utilizzo, per crisi occupazionali (38.570.000 nel triennio). Ancora: la destinazione di assistenze tecniche per l'azzeramento delle istruttorie sui fondi delle misure di sostegno per il lavoro e le imprese (3 milioni); la destinazione di programmi per la promozione della Sardegna nel mondo attraverso i Circoli dei sardi (300mila euro).<\/p>\n\n\n\n<p>Previsti anche contributi rivolti all\u2019intero territorio regionale, in analogia con quanto previsto per il Comune di Cagliari (Via Dettori), per il sostegno all\u2019occupabilit\u00e0 per le attivit\u00e0 che hanno subito riduzioni del volume d'affari nell'anno 2023 a causa di interdizioni al transito pedonale motivi di sicurezza (2.700.000 nel triennio).<\/p>\n\n\n\n<p>Turismo - Modificata la legge regionale 20 del 2006 sul riordino delle professioni turistiche e dei servizi: \u00e8 stata adeguata la norma regionale a quella nazionale per rispondere a una necessit\u00e0 del settore che vedeva sospese le procedure di abilitazione dei direttori tecnici delle agenzie di viaggio da agosto del 2021. Modificata anche la legge regionale in materia di IUN, codice identificativo numerico delle strutture ricettive, sia alberghiere, sia extralberghiere, sia all\u2019aria aperta e sia per gli alloggi privati destinati a locazione turistica con l\u2019obiettivo di riordinare la classificazione delle strutture adeguandosi, inoltre, alla normativa&nbsp;nazionale. Com<\/p>\n","protected":false},"excerpt":{"rendered":"<p>Cagliari, 13 Sett 2023\u00a0\u2013 \u00c8 stata messa a punto, con l\u2019approvazione del \u201cCollegato\u201d alla manovra Finanziaria, la manutenzione normativa necessaria per dare efficacia ad alcune&#8230;<\/p>\n","protected":false},"author":2,"featured_media":239834,"comment_status":"closed","ping_status":"open","sticky":false,"template":"","format":"standard","meta":[],"categories":[49,52],"tags":[],"_links":{"self":[{"href":"https:\/\/www.cronacaonline.it\/index.php\/wp-json\/wp\/v2\/posts\/240084"}],"collection":[{"href":"https:\/\/www.cronacaonline.it\/index.php\/wp-json\/wp\/v2\/posts"}],"about":[{"href":"https:\/\/www.cronacaonline.it\/index.php\/wp-json\/wp\/v2\/types\/post"}],"author":[{"embeddable":true,"href":"https:\/\/www.cronacaonline.it\/index.php\/wp-json\/wp\/v2\/users\/2"}],"replies":[{"embeddable":true,"href":"https:\/\/www.cronacaonline.it\/index.php\/wp-json\/wp\/v2\/comments?post=240084"}],"version-history":[{"count":1,"href":"https:\/\/www.cronacaonline.it\/index.php\/wp-json\/wp\/v2\/posts\/240084\/revisions"}],"predecessor-version":[{"id":240085,"href":"https:\/\/www.cronacaonline.it\/index.php\/wp-json\/wp\/v2\/posts\/240084\/revisions\/240085"}],"wp:featuredmedia":[{"embeddable":true,"href":"https:\/\/www.cronacaonline.it\/index.php\/wp-json\/wp\/v2\/media\/239834"}],"wp:attachment":[{"href":"https:\/\/www.cronacaonline.it\/index.php\/wp-json\/wp\/v2\/media?parent=240084"}],"wp:term":[{"taxonomy":"category","embeddable":true,"href":"https:\/\/www.cronacaonline.it\/index.php\/wp-json\/wp\/v2\/categories?post=240084"},{"taxonomy":"post_tag","embeddable":true,"href":"https:\/\/www.cronacaonline.it\/index.php\/wp-json\/wp\/v2\/tags?post=240084"}],"curies":[{"name":"wp","href":"https:\/\/api.w.org\/{rel}","templated":true}]}}