{"id":240044,"date":"2023-09-12T16:57:49","date_gmt":"2023-09-12T14:57:49","guid":{"rendered":"https:\/\/www.cronacaonline.it\/?p=240044"},"modified":"2023-09-12T16:57:51","modified_gmt":"2023-09-12T14:57:51","slug":"lavori-pubblici-lassessore-saiu-incontra-il-commissario-nazionale-dellacqua-per-il-sistema-idrico-presenteremo-un-piano-di-investimenti-da-1-miliardo-di-euro","status":"publish","type":"post","link":"https:\/\/www.cronacaonline.it\/index.php\/2023\/09\/12\/lavori-pubblici-lassessore-saiu-incontra-il-commissario-nazionale-dellacqua-per-il-sistema-idrico-presenteremo-un-piano-di-investimenti-da-1-miliardo-di-euro\/","title":{"rendered":"Lavori pubblici, l\u2019assessore Saiu incontra il commissario nazionale dell\u2019acqua: \u201cper il sistema idrico presenteremo un piano di investimenti da 1 miliardo di euro\u201d."},"content":{"rendered":"\n<p>Cagliari, 12 Sett 2023\u00a0\u2013 Un grande piano di investimenti da un miliardo di euro per potenziare il sistema idrico regionale della Sardegna e migliorarne l\u2019efficienza. \u00c8 quanto l\u2019assessore regionale dei Lavori Pubblici, Pierluigi Saiu, ha anticipato questa mattina al commissario nazionale per l\u2019emergenza idrica, Nicola dell\u2019Acqua, nel corso di un incontro in Regione in vista della prossima riunione della cabina di regia nazionale, in cui la Sardegna avanzer\u00e0 le proprie proposte in merito agli investimenti ritenuti strategici.<\/p>\n\n\n\n<p>\u201cA differenza di altre regioni, in Sardegna, oggi, non soffriamo di carenza di risorsa idrica. I volumi di quest\u2019anno \u2013 precisa l\u2019assessore Saiu \u2013 sono in linea con quelli dell\u2019anno scorso, anche se la distribuzione per aree geografiche \u00e8 un po\u2019 cambiata. Partiamo, quindi, da un dato positivo per quanto riguarda l\u2019acqua complessivamente raccolta in Sardegna. \u00c8 per\u00f2 indispensabile agire per aumentare la capacit\u00e0 dei nostri invasi che non \u00e8 sfruttata pienamente. Abbiamo discusso un piano interventi necessari a quindi migliorare la capacit\u00e0 di raccolta. A questo risultato concorreranno, oltre che gli interventi sui bacini esistenti, anche i lavori che porteranno alla realizzazione di due nuovi invasi: Cumbidanovu, a Orgosolo, e Monti Nieddu, a Sarroch\u201d.<\/p>\n\n\n\n<p>Una parte rilevante del programma di investimenti che sar\u00e0 presentato alla cabina di regia nazionale riguarder\u00e0 le interconnessioni e la rete di distribuzione: \u201cQuest\u2019ultima, in particolare, \u00e8 la parte su cui occorre intervenire con pi\u00f9 decisione. Insieme al commissario \u2013 spiega l\u2019assessore Saiu \u2013 abbiamo quindi valutato non solo l\u2019ammontare delle risorse necessarie ma anche la capacit\u00e0 effettiva di spesa, in cui \u00e8 fondamentale il ruolo delle stazioni appaltanti. Abbiamo analizzato le diverse criticit\u00e0 e analizzato le possibili soluzioni con riferimento, soprattutto, alle situazioni di maggior difficolt\u00e0. Ci siamo dati appuntamento alla riunione della cabina di regia a cui presenteremo un programma di investimenti da un miliardo di euro per la Sardegna. Sono molto contento della disponibilit\u00e0 dimostrata dal commissario perch\u00e9 ci consentir\u00e0 di intervenire con un programma che, su pi\u00f9 anni, ci permetter\u00e0 di ridurre gli sprechi e migliorare l\u2019efficienza del nostro sistema\u201d, conclude l\u2019assessore Saiu. Com<\/p>\n","protected":false},"excerpt":{"rendered":"<p>Cagliari, 12 Sett 2023\u00a0\u2013 Un grande piano di investimenti da un miliardo di euro per potenziare il sistema idrico regionale della Sardegna e migliorarne l\u2019efficienza.&#8230;<\/p>\n","protected":false},"author":2,"featured_media":240045,"comment_status":"closed","ping_status":"open","sticky":false,"template":"","format":"standard","meta":[],"categories":[49,52],"tags":[],"_links":{"self":[{"href":"https:\/\/www.cronacaonline.it\/index.php\/wp-json\/wp\/v2\/posts\/240044"}],"collection":[{"href":"https:\/\/www.cronacaonline.it\/index.php\/wp-json\/wp\/v2\/posts"}],"about":[{"href":"https:\/\/www.cronacaonline.it\/index.php\/wp-json\/wp\/v2\/types\/post"}],"author":[{"embeddable":true,"href":"https:\/\/www.cronacaonline.it\/index.php\/wp-json\/wp\/v2\/users\/2"}],"replies":[{"embeddable":true,"href":"https:\/\/www.cronacaonline.it\/index.php\/wp-json\/wp\/v2\/comments?post=240044"}],"version-history":[{"count":1,"href":"https:\/\/www.cronacaonline.it\/index.php\/wp-json\/wp\/v2\/posts\/240044\/revisions"}],"predecessor-version":[{"id":240046,"href":"https:\/\/www.cronacaonline.it\/index.php\/wp-json\/wp\/v2\/posts\/240044\/revisions\/240046"}],"wp:featuredmedia":[{"embeddable":true,"href":"https:\/\/www.cronacaonline.it\/index.php\/wp-json\/wp\/v2\/media\/240045"}],"wp:attachment":[{"href":"https:\/\/www.cronacaonline.it\/index.php\/wp-json\/wp\/v2\/media?parent=240044"}],"wp:term":[{"taxonomy":"category","embeddable":true,"href":"https:\/\/www.cronacaonline.it\/index.php\/wp-json\/wp\/v2\/categories?post=240044"},{"taxonomy":"post_tag","embeddable":true,"href":"https:\/\/www.cronacaonline.it\/index.php\/wp-json\/wp\/v2\/tags?post=240044"}],"curies":[{"name":"wp","href":"https:\/\/api.w.org\/{rel}","templated":true}]}}