{"id":240029,"date":"2023-09-12T11:12:10","date_gmt":"2023-09-12T09:12:10","guid":{"rendered":"https:\/\/www.cronacaonline.it\/?p=240029"},"modified":"2023-09-12T11:12:14","modified_gmt":"2023-09-12T09:12:14","slug":"lavoro-parte-dallogliastra-il-nuovo-progetto-punto-cpi-lassessore-lai-decentrare-i-servizi-per-il-lavoro-in-tutta-la-sardegna-per-avvicinarci-ai-cittadini","status":"publish","type":"post","link":"https:\/\/www.cronacaonline.it\/index.php\/2023\/09\/12\/lavoro-parte-dallogliastra-il-nuovo-progetto-punto-cpi-lassessore-lai-decentrare-i-servizi-per-il-lavoro-in-tutta-la-sardegna-per-avvicinarci-ai-cittadini\/","title":{"rendered":"Lavoro. Parte dall\u2019Ogliastra il nuovo progetto punto Cpi. L\u2019assessore Lai: \u201cdecentrare i servizi per il lavoro in tutta la Sardegna per avvicinarci ai cittadini\u201d."},"content":{"rendered":"\n<p>Cagliari, 12 Sett 2023 -\u00a0Partir\u00e0 dall\u2019Ogliastra il nuovo progetto sperimentale della Regione per portare i servizi dell\u2019Aspal pi\u00f9 vicini ai cittadini. Si chiama Punto CPI e sar\u00e0 uno sportello aperto, per il momento, una volta la settimana a Arzana, Baunei, Tertenia e Jerzu. I quattro sportelli che faranno capo al CPI di Lanusei consentiranno di offrire una gran parte dei servizi per il lavoro ai cittadini e alle imprese evitando loro lunghi viaggi per raggiungere la sede del CPI di Lanusei o quella decentrata di Tortol\u00ec. Oggi a Lanusei nella sede della Provincia, l\u2019assessore regionale del Lavoro, Ada Lai, insieme alla direttrice dell\u2019Aspal, Maika Aversano, hanno presentato il progetto ai rappresentanti istituzionali del territorio e ai sindaci e hanno firmato un protocollo di intesa con i primi quattro cittadini che hanno aderito all\u2019iniziativa.<\/p>\n\n\n\n<p>\u201cL\u2019amministrazione regionale si avvicina ai territori - dichiara l\u2019assessore del Lavoro, Ada Lai. Patiamo dall\u2019Ogliastra, decentrando i servizi per il lavoro, per poi continuare in tutta la Sardegna, attraverso un nuovo approccio di rete, basato su un modello di cooperazione con gli enti locali e le imprese. Ampliamo e diffondiamo capillarmente i punti CPI&nbsp;- sottolinea Lai - per dare una risposta alle esigenze dei cittadini, soprattutto di coloro che vivendo in zone periferiche hanno pi\u00f9 difficolt\u00e0 ad accedere ai servizi digitali. E\u2019 un modello che cercheremo di portare con l\u2019Aspal in tutta la Sardegna\u201d.<\/p>\n\n\n\n<p>\u201cIl Punto CPI - spiega la direttrice generale dell\u2019Aspal, Maika Aversano - \u00e8 uno sportello, organizzato e gestito dai nostri Centri per l\u2019Impiego, che consente a cittadini e imprese di poter avere servizi, supporto e consulenza a pochi passi da casa. Nel punto Cpi sar\u00e0 come essere in una sede vera e propria dei Centri per l\u2019impiego perch\u00e9 non saranno solo fornite informazioni, ma si potranno avere tanti servizi: dall\u2019orientamento all\u2019accompagnamento al lavoro, all\u2019iscrizione al collocamento mirato, al supporto per la scheda anagrafica o per partecipare ai cantieri di lavoro, solo per fare alcuni esempi.\u201d<\/p>\n\n\n\n<p>Il punto Cpi aprir\u00e0 a Arzana (Comune, mercoled\u00ec 9.00-12.00); Baunei - Santa Maria Navarrese (Circoscrizione comunale - Piazza Principessa di Navarra, marted\u00ec 9.00-12.00; Jerzu (Comune, mercoled\u00ec 9.00-12.00); Tertenia (Comune, venerd\u00ec 9.00-12.00).<\/p>\n\n\n\n<p>Tutti gli sportelli fanno capo al CPI di Lanusei e alla sede decentrata di Tortol\u00ec. Per info:&nbsp;<a href=\"javascript:webmail.View.mailto(%7bmailto:'aspal.cpiogliastra@regione.sardegna.it',%20subject:%20''%7d)\">aspal.cpiogliastra@regione.sardegna.it<\/a>. Red<\/p>\n","protected":false},"excerpt":{"rendered":"<p>Cagliari, 12 Sett 2023 &#8211;\u00a0Partir\u00e0 dall\u2019Ogliastra il nuovo progetto sperimentale della Regione per portare i servizi dell\u2019Aspal pi\u00f9 vicini ai cittadini. Si chiama Punto CPI&#8230;<\/p>\n","protected":false},"author":2,"featured_media":237734,"comment_status":"closed","ping_status":"open","sticky":false,"template":"","format":"standard","meta":[],"categories":[49,52],"tags":[],"_links":{"self":[{"href":"https:\/\/www.cronacaonline.it\/index.php\/wp-json\/wp\/v2\/posts\/240029"}],"collection":[{"href":"https:\/\/www.cronacaonline.it\/index.php\/wp-json\/wp\/v2\/posts"}],"about":[{"href":"https:\/\/www.cronacaonline.it\/index.php\/wp-json\/wp\/v2\/types\/post"}],"author":[{"embeddable":true,"href":"https:\/\/www.cronacaonline.it\/index.php\/wp-json\/wp\/v2\/users\/2"}],"replies":[{"embeddable":true,"href":"https:\/\/www.cronacaonline.it\/index.php\/wp-json\/wp\/v2\/comments?post=240029"}],"version-history":[{"count":1,"href":"https:\/\/www.cronacaonline.it\/index.php\/wp-json\/wp\/v2\/posts\/240029\/revisions"}],"predecessor-version":[{"id":240030,"href":"https:\/\/www.cronacaonline.it\/index.php\/wp-json\/wp\/v2\/posts\/240029\/revisions\/240030"}],"wp:featuredmedia":[{"embeddable":true,"href":"https:\/\/www.cronacaonline.it\/index.php\/wp-json\/wp\/v2\/media\/237734"}],"wp:attachment":[{"href":"https:\/\/www.cronacaonline.it\/index.php\/wp-json\/wp\/v2\/media?parent=240029"}],"wp:term":[{"taxonomy":"category","embeddable":true,"href":"https:\/\/www.cronacaonline.it\/index.php\/wp-json\/wp\/v2\/categories?post=240029"},{"taxonomy":"post_tag","embeddable":true,"href":"https:\/\/www.cronacaonline.it\/index.php\/wp-json\/wp\/v2\/tags?post=240029"}],"curies":[{"name":"wp","href":"https:\/\/api.w.org\/{rel}","templated":true}]}}