{"id":240017,"date":"2023-09-12T10:52:48","date_gmt":"2023-09-12T08:52:48","guid":{"rendered":"https:\/\/www.cronacaonline.it\/?p=240017"},"modified":"2023-09-12T10:52:51","modified_gmt":"2023-09-12T08:52:51","slug":"agricoltura-riunione-della-commissione-politiche-agricole-con-il-ministro-lollobrigida-assessore-satta-tavolo-di-confronto-sui-problemi-legati-alle-criticita-del-mondo-agricolo-e-della-pesca","status":"publish","type":"post","link":"https:\/\/www.cronacaonline.it\/index.php\/2023\/09\/12\/agricoltura-riunione-della-commissione-politiche-agricole-con-il-ministro-lollobrigida-assessore-satta-tavolo-di-confronto-sui-problemi-legati-alle-criticita-del-mondo-agricolo-e-della-pesca\/","title":{"rendered":"Agricoltura: riunione della commissione politiche agricole con il ministro Lollobrigida. Assessore Satta, tavolo di confronto sui problemi legati alle criticit\u00e0 del mondo agricolo e della pesca."},"content":{"rendered":"\n<p>Cagliari, 12 Sett 2023 -\u00a0Un Tavolo di confronto con all'ordine del giorno le problematiche del settore pesca e del comparto agricolo.\u00a0\u00a0La Commissione Politiche Agricole si \u00e8 riunita alla Reggia di Caserta ed ha visto la partecipazione del Ministro\u00a0Francesco Lollobrigida e degli Assessori all'Agricoltura delle Regioni Italiane. Per la Regione Sardegna l\u2019Assessore Valeria Satta che ha partecipato al confronto discutendo soprattutto sui gravi problemi causati al mondo della pesca dall\u2019abnorme proliferazione del granchio blu.<\/p>\n\n\n\n<p>\u201cAttendiamo il Decreto sul granchio blu - ha detto la Satta - gi\u00e0 discusso al tavolo del Comitato Pesca con le nostre associazioni di categoria. Inoltre aspettiamo ulteriori notizie per la riapertura del tavolo per le compensazioni da parte del Governo per la programmazione 23-27.\u201d<\/p>\n\n\n\n<p>Altri temi trattati oltre al granchio blu, la peste suina africana, la gestione dei rischi, le problematiche legate alla carenza d\u2019acqua e delle necessarie riserve idriche e l\u2019emergenza peronospora e xylella.<\/p>\n\n\n\n<p>\"La Commissione Politiche Agricole - ha detto ancora l\u2019assessore Valeria Satta- in questo momento cos\u00ec importante per l\u2019agricoltura e la pesca italiana, che&nbsp;crescono veramente in maniera esponenziale in termini di qualit\u00e0 sempre pi\u00f9 ricercata in tutto il mondo, ha necessit\u00e0 di girare per la Penisola con incontri mirati nel territorio Italiano, per capire meglio e pi\u00f9 a fondo le varie problematiche. Allo stesso tempo in un periodo storico cos\u00ec delicato visto la problematica clima e guerra Ucraina, bisogna fare i conti con tutto ci\u00f2 che&nbsp;comporta, specie&nbsp;in termini di rincari, energia trasporti e carburante. Abbiamo iniziato dalla Campania e continueremo gli incontri nelle altre Regioni. Ora pi\u00f9 che mai lavoriamo insieme, vicino ai nostri agricoltori, allevatori e pescatori\". Com<\/p>\n","protected":false},"excerpt":{"rendered":"<p>Cagliari, 12 Sett 2023 &#8211;\u00a0Un Tavolo di confronto con all&#8217;ordine del giorno le problematiche del settore pesca e del comparto agricolo.\u00a0\u00a0La Commissione Politiche Agricole si&#8230;<\/p>\n","protected":false},"author":2,"featured_media":240018,"comment_status":"closed","ping_status":"open","sticky":false,"template":"","format":"standard","meta":[],"categories":[49,52],"tags":[],"_links":{"self":[{"href":"https:\/\/www.cronacaonline.it\/index.php\/wp-json\/wp\/v2\/posts\/240017"}],"collection":[{"href":"https:\/\/www.cronacaonline.it\/index.php\/wp-json\/wp\/v2\/posts"}],"about":[{"href":"https:\/\/www.cronacaonline.it\/index.php\/wp-json\/wp\/v2\/types\/post"}],"author":[{"embeddable":true,"href":"https:\/\/www.cronacaonline.it\/index.php\/wp-json\/wp\/v2\/users\/2"}],"replies":[{"embeddable":true,"href":"https:\/\/www.cronacaonline.it\/index.php\/wp-json\/wp\/v2\/comments?post=240017"}],"version-history":[{"count":1,"href":"https:\/\/www.cronacaonline.it\/index.php\/wp-json\/wp\/v2\/posts\/240017\/revisions"}],"predecessor-version":[{"id":240019,"href":"https:\/\/www.cronacaonline.it\/index.php\/wp-json\/wp\/v2\/posts\/240017\/revisions\/240019"}],"wp:featuredmedia":[{"embeddable":true,"href":"https:\/\/www.cronacaonline.it\/index.php\/wp-json\/wp\/v2\/media\/240018"}],"wp:attachment":[{"href":"https:\/\/www.cronacaonline.it\/index.php\/wp-json\/wp\/v2\/media?parent=240017"}],"wp:term":[{"taxonomy":"category","embeddable":true,"href":"https:\/\/www.cronacaonline.it\/index.php\/wp-json\/wp\/v2\/categories?post=240017"},{"taxonomy":"post_tag","embeddable":true,"href":"https:\/\/www.cronacaonline.it\/index.php\/wp-json\/wp\/v2\/tags?post=240017"}],"curies":[{"name":"wp","href":"https:\/\/api.w.org\/{rel}","templated":true}]}}