{"id":240003,"date":"2023-09-11T15:29:51","date_gmt":"2023-09-11T13:29:51","guid":{"rendered":"https:\/\/www.cronacaonline.it\/?p=240003"},"modified":"2023-09-11T15:29:54","modified_gmt":"2023-09-11T13:29:54","slug":"no-women-no-panel-la-regione-sardegna-sottoscrive-lintesa-per-la-promozione-della-parita-di-genere","status":"publish","type":"post","link":"https:\/\/www.cronacaonline.it\/index.php\/2023\/09\/11\/no-women-no-panel-la-regione-sardegna-sottoscrive-lintesa-per-la-promozione-della-parita-di-genere\/","title":{"rendered":"No Women No Panel, la Regione Sardegna sottoscrive l\u2019intesa per la promozione della parit\u00e0 di genere."},"content":{"rendered":"\n<p>Cagliari, 11 Sett 2023 \u2013\u00a0\u201cLa campagna No Women no Panel, \u00e8 uno dei segni pi\u00f9 significativi e positivi di una nuova sensibilit\u00e0, un nuovo concreto approccio alla necessit\u00e0 impellente del raggiungimento di una reale parit\u00e0 di genere, che \u00e8 parit\u00e0 di opportunit\u00e0 e di dignit\u00e0. Troppo a lungo sui luoghi di lavoro, in ogni sede istituzionale, tale necessit\u00e0 \u00e8 stata omessa e dimenticata: oggi, anche grazie ad iniziative di questo genere, che vedono giustamente la Rai e le Istituzioni protagoniste e cooperanti, la coscienza sociale sta gradualmente riconquistando il terreno perduto, assicurando quel livello di crescita civile che pone le donne in eguale condizione e in eguali opportunit\u00e0 di crescita nelle professioni e in ogni ordine di ruolo. I mutamenti culturali richiedono anni ed \u00e8 quindi importante agire fin da subito; siamo quindi convintamente partecipi di questa iniziativa. La Rai, la pi\u00f9 grande industria culturale italiana, e tra le pi\u00f9 grandi d'Europa, pu\u00f2 davvero essere il luogo ideale per questo cambiamento culturale che tutti noi auspichiamo\u201d.<\/p>\n\n\n\n<p>Lo dichiara in una nota il Presidente della Regione Sardegna in riferimento alla campagna \u2018No Women non Panel, senza donne non se ne parla\u2019, nata con l'obiettivo di favorire l'equilibrio di genere in panel ed eventi pubblici, garantendo l\u2019adeguata rappresentanza delle donne in convegni, appuntamenti istituzionali e talk e oggi oggetto di un protocollo di intesa, tra la Regione, la Rai Radiotelevisione italiana, i Comuni di Cagliari e Sassari e le Universit\u00e0 di Cagliari e Sassari.<\/p>\n\n\n\n<p>\u201cCon questo protocollo \u2013 dichiara l\u2019assessore regionale degli Affari generali, Andreina Farris, oggi presente alla firma del documento in qualit\u00e0 di delegata del Presidente dell Regione, riafferma i sentimenti di rispetto e considerazione nei confronti delle donne. Un rispetto che il popolo sardo ha sempre avuto anche in virt\u00f9 di esempi passati alla storia e di cui la Sardegna \u00e8 stata espressione, come Eleonora, che a cavallo del Quattrocento ha guidato il Giudicato d\u2019Arborea, o Grazie Deledda, unica donna italiana insignita del Nobel per la letteratura nel 1926, esattamente vent\u2019anni prima che l\u2019Italia riconoscesse il diritto di voto alle donne. Questi valori, insiti nella cultura sarda, sono stati trasfusi nello Statuto speciale della Regione Sardegna del 1948. Particolare lungimiranza, per l\u2019epoca, \u00e8 contenuta nella norma che afferma il principio per cui la Regione deve promuovere condizioni di parit\u00e0 nell\u2019accesso alla carica di Consigliere, per consentire l\u2019equilibrio fra gli uomini e le donne nella rappresentanza. Nel tempo c\u2019\u00e8 stata un\u2019evoluzione e sono state introdotte altre norme. La parit\u00e0 per\u00f2 deve essere realizzata non solo sul piano formale, ma anche su quello sostanziale e il Presidente, in questo senso, nell\u2019arco della legislatura ha dato prova di grande sensibilit\u00e0 in pi\u00f9 di un\u2019occasione, non ultima la nomina di una donna al vertice dell\u2019amministrazione regionale\u201d. Red<\/p>\n","protected":false},"excerpt":{"rendered":"<p>Cagliari, 11 Sett 2023 \u2013\u00a0\u201cLa campagna No Women no Panel, \u00e8 uno dei segni pi\u00f9 significativi e positivi di una nuova sensibilit\u00e0, un nuovo concreto&#8230;<\/p>\n","protected":false},"author":2,"featured_media":230097,"comment_status":"closed","ping_status":"open","sticky":false,"template":"","format":"standard","meta":[],"categories":[49,52],"tags":[],"_links":{"self":[{"href":"https:\/\/www.cronacaonline.it\/index.php\/wp-json\/wp\/v2\/posts\/240003"}],"collection":[{"href":"https:\/\/www.cronacaonline.it\/index.php\/wp-json\/wp\/v2\/posts"}],"about":[{"href":"https:\/\/www.cronacaonline.it\/index.php\/wp-json\/wp\/v2\/types\/post"}],"author":[{"embeddable":true,"href":"https:\/\/www.cronacaonline.it\/index.php\/wp-json\/wp\/v2\/users\/2"}],"replies":[{"embeddable":true,"href":"https:\/\/www.cronacaonline.it\/index.php\/wp-json\/wp\/v2\/comments?post=240003"}],"version-history":[{"count":1,"href":"https:\/\/www.cronacaonline.it\/index.php\/wp-json\/wp\/v2\/posts\/240003\/revisions"}],"predecessor-version":[{"id":240004,"href":"https:\/\/www.cronacaonline.it\/index.php\/wp-json\/wp\/v2\/posts\/240003\/revisions\/240004"}],"wp:featuredmedia":[{"embeddable":true,"href":"https:\/\/www.cronacaonline.it\/index.php\/wp-json\/wp\/v2\/media\/230097"}],"wp:attachment":[{"href":"https:\/\/www.cronacaonline.it\/index.php\/wp-json\/wp\/v2\/media?parent=240003"}],"wp:term":[{"taxonomy":"category","embeddable":true,"href":"https:\/\/www.cronacaonline.it\/index.php\/wp-json\/wp\/v2\/categories?post=240003"},{"taxonomy":"post_tag","embeddable":true,"href":"https:\/\/www.cronacaonline.it\/index.php\/wp-json\/wp\/v2\/tags?post=240003"}],"curies":[{"name":"wp","href":"https:\/\/api.w.org\/{rel}","templated":true}]}}