{"id":239900,"date":"2023-09-07T20:18:05","date_gmt":"2023-09-07T18:18:05","guid":{"rendered":"https:\/\/www.cronacaonline.it\/?p=239900"},"modified":"2023-09-07T20:18:08","modified_gmt":"2023-09-07T18:18:08","slug":"consiglio-sardegna-collegato-alla-manovra-finanziaria-2023-2025-prosegue-la-discussione-il-consiglio-si-riunira-martedi-12-settembre-alle-10-30","status":"publish","type":"post","link":"https:\/\/www.cronacaonline.it\/index.php\/2023\/09\/07\/consiglio-sardegna-collegato-alla-manovra-finanziaria-2023-2025-prosegue-la-discussione-il-consiglio-si-riunira-martedi-12-settembre-alle-10-30\/","title":{"rendered":"Consiglio Sardegna &#8211; Collegato alla manovra finanziaria 2023-2025. Prosegue la discussione. Il Consiglio si riunir\u00e0 marted\u00ec, 12 settembre, alle 10.30."},"content":{"rendered":"\n<p>Cagliari, 7 Sett 2023 - La seduta del Consiglio regionale della Sardegna \u00e8 stata aperta dal presidente Michele Pais. Dopo le formalit\u00e0 di rito l\u2019Aula ha proseguito l\u2019esame dell\u2019ordine del giorno con il Dl n.373 (Collegato alla Finanziaria) ed i relativi articoli ed emendamenti.<\/p>\n\n\n\n<p>Franco Mula (Psd\u2019Az) ha lamentato il ritardo nell\u2019inizio dei lavori ed ha annunciato inoltre che, in base ad alcuni accordi fra gruppi, i lavori dovrebbero chiudersi alle 18.00.<\/p>\n\n\n\n<p>Valter Piscedda (Pd) ha sollevato il problema della scuola di via Stoccolma a Cagliari, che terr\u00e0 le lezioni in dieci tende della Protezione civile per l\u2019inagibilit\u00e0 dell\u2019edificio. Bisogna capire, ha detto, come \u00e8 stata organizzata questa iniziativa nel 2023.<\/p>\n\n\n\n<p>Il capogruppo dei Progressisti Francesco Agus ha sostenuto che manca il numero legale, fatto che emerger\u00e0 al momento della votazione degli emendamenti. Agus ha poi ipotizzato che, data la complessit\u00e0 degli emendamenti ancora da discutere, si arriver\u00e0 alla settimana prossima. Infine, commentando la recente \u201ctrasferta\u201d del Governatore Solinas e dell\u2019assessore Moro presso la Ue e la decisione di Ryanair di \u201ctagliare\u201d 10 rotte da e per la Sardegna, ha parlato di una \u201cbomba innescata\u201d che richiede la presenza dell\u2019assessore Moro in Aula prima della approvazione della legge.<\/p>\n\n\n\n<p>Il presidente Pais ha assicurato che sentir\u00e0 gli assessori Moro e Chessa per riferire al Consiglio.<\/p>\n\n\n\n<p>Successivamente \u00e8 iniziato l\u2019esame dell\u2019emendamento 483.<\/p>\n\n\n\n<p>Il consigliere Antonello Peru (Udc-Sardegna al Centro) ha chiesto una breve sospensione della seduta, che \u00e8 stata accordata.<\/p>\n\n\n\n<p>Alla ripresa dei lavori, il presidente ha dato la parola al consigliere Peru che ha annunciato il ritiro dell\u2019emendamento.<\/p>\n\n\n\n<p>Rinviato per approfondimenti tecnici l\u2019emendamento 905 (Ennas e pi\u00f9) che prevede, agganciandosi alle legge 12\/2008, la stabilizzazione di alcuni lavoratori dell\u2019Istituto dello Zooprofilattico della Sardegna.<\/p>\n\n\n\n<p>Sull\u2019argomento hanno preso la parola anche Daniele Cocco (Arv), che ha sollecitato chiarimenti sulle norme che si intende applicare, Desir\u00e8 Manca del M5S che non ha ritenuto sufficiente l\u2019esposizione di Ennas, Franco Mula del Psd\u2019Az secondo il quale l\u2019emendamento potrebbe essere fuori termine, Piero Comandini del Pd che ha raccomandato cautela nella valutazione di provvedimento estemporanei in materia di personale e Francesco Agus dei Progressisti, convinto che la proposto tratti in modo uguale situazioni diverse, sovrapponendo la competenza della Regione a quello Stato. Di qui la necessit\u00e0 di una verifica tecnica.<\/p>\n\n\n\n<p>Approvato, invece, l\u2019emendamento 893 (Lai e pi\u00f9) che allinea il trattamento retributivo del personale Egas a quello della Regione.<\/p>\n\n\n\n<p>Sull\u2019emendamento 878 (Ennas e pi\u00f9) riguardante il personale ex Esaf confluito in Abbanoa il proponente ha chiesto la sospensione della seduta, che \u00e8 stata accordata.<\/p>\n\n\n\n<p>Alla ripresa dei lavori il presidente Pais ha annunciato la discussione degli emendamenti sulla Sanit\u00e0 ma il capogruppo dei Progressisti, on. Francesco Agus, ha chiesto il rinvio a marted\u00ec prossimo in considerazione del fatto che la chiusura dei lavori \u00e8 prevista alle 18. Com<\/p>\n","protected":false},"excerpt":{"rendered":"<p>Cagliari, 7 Sett 2023 &#8211; La seduta del Consiglio regionale della Sardegna \u00e8 stata aperta dal presidente Michele Pais. Dopo le formalit\u00e0 di rito l\u2019Aula&#8230;<\/p>\n","protected":false},"author":2,"featured_media":239834,"comment_status":"closed","ping_status":"open","sticky":false,"template":"","format":"standard","meta":[],"categories":[49,52],"tags":[],"_links":{"self":[{"href":"https:\/\/www.cronacaonline.it\/index.php\/wp-json\/wp\/v2\/posts\/239900"}],"collection":[{"href":"https:\/\/www.cronacaonline.it\/index.php\/wp-json\/wp\/v2\/posts"}],"about":[{"href":"https:\/\/www.cronacaonline.it\/index.php\/wp-json\/wp\/v2\/types\/post"}],"author":[{"embeddable":true,"href":"https:\/\/www.cronacaonline.it\/index.php\/wp-json\/wp\/v2\/users\/2"}],"replies":[{"embeddable":true,"href":"https:\/\/www.cronacaonline.it\/index.php\/wp-json\/wp\/v2\/comments?post=239900"}],"version-history":[{"count":1,"href":"https:\/\/www.cronacaonline.it\/index.php\/wp-json\/wp\/v2\/posts\/239900\/revisions"}],"predecessor-version":[{"id":239901,"href":"https:\/\/www.cronacaonline.it\/index.php\/wp-json\/wp\/v2\/posts\/239900\/revisions\/239901"}],"wp:featuredmedia":[{"embeddable":true,"href":"https:\/\/www.cronacaonline.it\/index.php\/wp-json\/wp\/v2\/media\/239834"}],"wp:attachment":[{"href":"https:\/\/www.cronacaonline.it\/index.php\/wp-json\/wp\/v2\/media?parent=239900"}],"wp:term":[{"taxonomy":"category","embeddable":true,"href":"https:\/\/www.cronacaonline.it\/index.php\/wp-json\/wp\/v2\/categories?post=239900"},{"taxonomy":"post_tag","embeddable":true,"href":"https:\/\/www.cronacaonline.it\/index.php\/wp-json\/wp\/v2\/tags?post=239900"}],"curies":[{"name":"wp","href":"https:\/\/api.w.org\/{rel}","templated":true}]}}