{"id":239890,"date":"2023-09-07T14:05:37","date_gmt":"2023-09-07T12:05:37","guid":{"rendered":"https:\/\/www.cronacaonline.it\/?p=239890"},"modified":"2023-09-07T14:05:40","modified_gmt":"2023-09-07T12:05:40","slug":"agricoltura-regione-sardegna-presente-con-le-sue-eccellenze-al-salone-internazionale-del-biologico-di-bologna","status":"publish","type":"post","link":"https:\/\/www.cronacaonline.it\/index.php\/2023\/09\/07\/agricoltura-regione-sardegna-presente-con-le-sue-eccellenze-al-salone-internazionale-del-biologico-di-bologna\/","title":{"rendered":"Agricoltura: Regione Sardegna presente con le sue eccellenze al salone internazionale del biologico di bologna."},"content":{"rendered":"\n<p>Cagliari, 7 Sett 2023 -\u00a0Eccellenze sarde del biologico in vetrina al Sana, il\u00a0Salone Internazionale del biologico e del naturale. A Bologna grande successo per le 13 aziende sarde che fanno parte della Collettiva organizzata dalla Regione Sardegna, curata dall'Agenzia Laore in un'aerea espositiva di 250 metri quadrati\u00a0dedicata interamente alla Sardegna.<\/p>\n\n\n\n<p>Una vetrina del comparto biologico isolano che, tra tradizione e innovazione, esprime produzioni biologiche di alta qualit\u00e0.<\/p>\n\n\n\n<p>La Sardegna \u00e8 presente con produzioni che spaziano dal vino all\u2019olio extra vergine d\u2019oliva, dalle piante officinali agli oli essenziali e al miele, a testimonianza della crescente attenzione per il biologico e le sue potenzialit\u00e0 di mercato. Presente nel padiglione Sardegna anche il Sottosegretario di Stato del Ministero dell'Agricoltura, Luigi D'Eramo, il Commissario di Ismea, Livio Proietti e il Direttore Generale per la Promozione Sistema Paese del maeci, Enzo Angeloni.<\/p>\n\n\n\n<p>\u201cUna partecipazione - ha sottolineato l\u2019Assessore dell\u2019Agricoltura, Valeria Satta - che si inserisce in un quadro di azioni voluto dall'Assessorato dell'Agricoltura per promuovere e valorizzare il settore in crescita costante. Presente a Bologna per sottolineare il sostegno convinto della Regione al comparto.&nbsp;&nbsp;Continua la promozione dei nostri prodotti sardi in Italia e all'estero. Dobbiamo sostenere i nostri produttori in tutto quello che sono le azioni positive e di ampia visibilit\u00e0. La Sardegna deve contare per ci\u00f2 che sono i suoi prodotti di eccellenza e qualit\u00e0. Oggi parliamo di biologico, settore nel quale la nostra Regione sta crescendo sempre di pi\u00f9, dal miele all'olio, dal vino alle olive. I sardi stanno facendo passi importanti in un mercato nazionale davvero centrale per la nostra agricoltura italiana\". Com<\/p>\n","protected":false},"excerpt":{"rendered":"<p>Cagliari, 7 Sett 2023 &#8211;\u00a0Eccellenze sarde del biologico in vetrina al Sana, il\u00a0Salone Internazionale del biologico e del naturale. A Bologna grande successo per le&#8230;<\/p>\n","protected":false},"author":2,"featured_media":239891,"comment_status":"closed","ping_status":"open","sticky":false,"template":"","format":"standard","meta":[],"categories":[49,52],"tags":[],"_links":{"self":[{"href":"https:\/\/www.cronacaonline.it\/index.php\/wp-json\/wp\/v2\/posts\/239890"}],"collection":[{"href":"https:\/\/www.cronacaonline.it\/index.php\/wp-json\/wp\/v2\/posts"}],"about":[{"href":"https:\/\/www.cronacaonline.it\/index.php\/wp-json\/wp\/v2\/types\/post"}],"author":[{"embeddable":true,"href":"https:\/\/www.cronacaonline.it\/index.php\/wp-json\/wp\/v2\/users\/2"}],"replies":[{"embeddable":true,"href":"https:\/\/www.cronacaonline.it\/index.php\/wp-json\/wp\/v2\/comments?post=239890"}],"version-history":[{"count":1,"href":"https:\/\/www.cronacaonline.it\/index.php\/wp-json\/wp\/v2\/posts\/239890\/revisions"}],"predecessor-version":[{"id":239892,"href":"https:\/\/www.cronacaonline.it\/index.php\/wp-json\/wp\/v2\/posts\/239890\/revisions\/239892"}],"wp:featuredmedia":[{"embeddable":true,"href":"https:\/\/www.cronacaonline.it\/index.php\/wp-json\/wp\/v2\/media\/239891"}],"wp:attachment":[{"href":"https:\/\/www.cronacaonline.it\/index.php\/wp-json\/wp\/v2\/media?parent=239890"}],"wp:term":[{"taxonomy":"category","embeddable":true,"href":"https:\/\/www.cronacaonline.it\/index.php\/wp-json\/wp\/v2\/categories?post=239890"},{"taxonomy":"post_tag","embeddable":true,"href":"https:\/\/www.cronacaonline.it\/index.php\/wp-json\/wp\/v2\/tags?post=239890"}],"curies":[{"name":"wp","href":"https:\/\/api.w.org\/{rel}","templated":true}]}}