{"id":239858,"date":"2023-09-06T20:31:33","date_gmt":"2023-09-06T18:31:33","guid":{"rendered":"https:\/\/www.cronacaonline.it\/?p=239858"},"modified":"2023-09-06T20:31:37","modified_gmt":"2023-09-06T18:31:37","slug":"consiglio-sardegna-collegato-alla-manovra-finanziaria-2023-2025-approvato-il-testo-sugli-enti-locali-i-lavori-riprenderanno-domani-alle-10-30","status":"publish","type":"post","link":"https:\/\/www.cronacaonline.it\/index.php\/2023\/09\/06\/consiglio-sardegna-collegato-alla-manovra-finanziaria-2023-2025-approvato-il-testo-sugli-enti-locali-i-lavori-riprenderanno-domani-alle-10-30\/","title":{"rendered":"Consiglio Sardegna &#8211; Collegato alla manovra finanziaria 2023-2025. Approvato il testo sugli Enti locali. I lavori riprenderanno domani alle 10.30."},"content":{"rendered":"\n<p>Cagliari, 6 Sett 2023 - I lavori pomeridiani del Consiglio regionale della Sardegna, sono stati aperti dal presidente Michele Pais. All\u2019ordine del giorno l\u2019esame dell\u2019articolo Art. 21. 10 e degli emendamenti del DL 373 - Collegato alla manovra finanziaria 2023-2025. L\u2019Aula ha bocciato tutti gli emendamenti soppressivi. Poi sono intervenuti, per dichiarazioni di voto, il consigliere dei Progressisti, Massimo Zedda, il consigliere del Pd, Roberto Deriu, il consigliere di Alleanza Rossoverde, Daniele Cocco, e il consigliere dei Riformatori e presidente della Commissione speciale per il riconoscimento del principio di insularit\u00e0, Michele Cossa.<\/p>\n\n\n\n<p>La presidenza \u00e8 stata assunta dal vice presidente Giovanni Antonio Satta.<\/p>\n\n\n\n<p>L\u2019Aula ha poi approvato l\u2019emendamento 840 (Deriu) all\u2019emendamento 478 (Peru e pi\u00f9)<\/p>\n\n\n\n<p>Il testo approvato, che ha avuto il parere favorevole dell\u2019assessore degli Enti locali, Aldo Salaris, prevede che le Unioni dei comuni debbano comprendere soltanto Comuni appartenenti alla stessa provincia. Con un emendamento orale, proposto dall\u2019assessore Salaris e approvato dall\u2019Aula, i Comuni avranno 60 giorni di tempo dall\u2019entrata in vigore della legge per decidere a quale provincia o Citt\u00e0 metropolitana aderire. Sul tema delle Unioni dei Comuni si \u00e8 aperto un breve dibattito.<\/p>\n\n\n\n<p>Franco Mula (Psd\u2019Az) ha evidenziato la necessit\u00e0 di una riforma delle Unioni perch\u00e9 sono poche quelle che funzionano, ha detto. Favorevoli all\u2019emendamento di Deriu, il consigliere Cossa (Riformatori) e Daniele Cocco (Alleanza Rossoverde), il quale ha evidenziato che le Unioni spesso non funzionano perch\u00e9 non hanno la dotazione organica necessaria. Favorevole anche il capogruppo dei Progressisti, Francesco Agus, che ha sottolineato la necessit\u00e0 di sostenere le Unioni dei Comuni, molto importanti per lo sviluppo dei piccoli Comuni. \u201cStudiamo le realt\u00e0 virtuose \u2013 ha detto Agus - e vediamo se possono essere replicate\u201d.<\/p>\n\n\n\n<p>Il vice presidente Satta ha messo in votazione l\u2019emendamento 478 (Peru e pi\u00f9), illustrato dal primo firmatario. Peru ha spiegato che \u201ccon la istituzione delle Rete metropolitana del Nord Sardegna ad opera della Legge Regionale 4 febbraio 2016, n. 2, il legislatore regionale intendeva, nonostante la palese differenza rispetto alla istituzione della citt\u00e0 metropolitana di Cagliari, prevista dalla medesima legge, comunque assicurare un equilibrato sviluppo del territorio regionale con vocazioni metropolitane. Queste importanti disposizioni, finalizzate alla parit\u00e0 di trattamento delle aree di rango metropolitano sono rimaste del tutto inattuate, con gravi conseguenze per il territorio del Nord-Ovest della Sardegna. Con successiva legge 2 aprile 2021, n. 7, il legislatore regionale ha superato la differenza istituzionale fra i territori di rango metropolitano del Nord e Sud della Sardegna, istituendo la Citt\u00e0 metropolitana di Sassari. E con la medesima norma ha anche abrogato le disposizione riequilibratici contenute nella sopra richiamata Legge Regionale 4 febbraio 2016, n. 2 (art. 8, commi 4 e 5) che, peraltro, come detto per cinque anni era rimasta inattuata\u201d.<\/p>\n\n\n\n<p>\u201cNel frattempo, come noto\u201d, \u00e8 scritto nell\u2019emendamento, \u201cnotevoli ritardi continuano ad impedire la concreta istituzione della citt\u00e0 metropolitana di Sassari con evidenti conseguenze negative per il territorio metropolitano sassarese, la pi\u00f9 evidente e grave fra tutte \u00e8 quella della mancata partecipazione alle politiche 1 di sviluppo a favore delle citt\u00e0 metropolitane previste dal PNRR con una perdita di risorse per 'area metropolitana di Sassari quantificabile nell'ordine di circa 200 milioni di euro per la sola rigenerazione urbana. Nel frattempo, \u00e8 rimasto ad oggi inattuato un ulteriore tentativo del legislatore regionale che con la legge regionale 9 marzo 2022, n. 3, all'art. 2, comma 5, avesse introdotto nell'ordinamento regionale un nuovo meccanismo riequilibratore simile a quello che la LR 7\/2021 aveva abrogato e che testualmente prevede: \"5. Nelle more della completa attuazione della fase di transizione di cui all'artico\/o 23 della legge regionale n. 7 del 2021 e della conseguente entrata in funzione della Citt\u00e0 metropolitana di Sassari, la Regione provvede nell'ambito delle risorse europee, nazionali e regionali iscritte in bilancio, a garantire alla rete metropolitana di Sassari le medesime risorse destinate alla Citt\u00e0 metropolitana di Cagliari. \" Per le ragioni esposte e per contrastare il crescente disequilibrio territoriale che sta fortemente penalizzando l'area metropolitana sassarese si propone, con uno specifico emendamento al collegato, una norma di indirizzo che, recepisca la legge regionale 9 marzo 2022, n. 3, all'art. 2, comma 5, e conseguentemente possa orientare le scelte e le risorse che saranno programmate a valere sul prossimo ciclo della programmazione territoriale 2021-2027\u201d. Si tratta, ha spiegato Peru, di un atto dovuto, di un atto di indirizzo che ha l\u2019obiettivo di sensibilizzare l\u2019assessore regionale del Bilancio affinch\u00e9 questa norma venga applicata.<\/p>\n\n\n\n<p>Per Francesco Agus (Progressisti) non ci sono problemi di fondi. Il consigliere ha ricordato che il tema della citt\u00e0 metropolitana nasceva per far funzionare meglio i servizi per i territori con diverse esigenze: aree urbane e aree rurali. Agus ha criticato la legge Del Rio e la decisione di portare le citt\u00e0 metropolitane a comprendere il territorio di un\u2019intera provincia. \u201c\u00c8 un\u2019occasione persa\u201d, ha detto. Messo in votazione l\u2019emendamento 478 \u00e8 stato approvato.<\/p>\n\n\n\n<p>L\u2019Aula ha poi approvato il testo dell\u2019articolo 21.10 e l\u2019emendamento orale del consigliere del Pd, Giuseppe Meloni, che sostituisce la dicitura \u201cProvincia del Nord est Sardegna\u201d con \u201cProvincia della Gallura nord est Sardegna\u201d.<\/p>\n\n\n\n<p>Il vice presidente Satta \u00e8 passato all\u2019esame dell\u2019emendamento aggiuntivo 812 della Giunta e agli emendamenti 852, 853 e 835 all\u2019emendamento 812.<\/p>\n\n\n\n<p>Il capogruppo della Lega, Michele Ennas, ha chiesto qualche minuto di sospensione per confrontarsi con i colleghi sugli emendamenti. Il consigliere Francesco Agus ha espresso perplessit\u00e0 sulle tempistiche di questo confronto.<\/p>\n\n\n\n<p>Il vice presidente Satta ha sospeso i lavori dell\u2019aula.<\/p>\n\n\n\n<p>Alla ripresa dei lavori Piras (Lega) ha annunciato un emendamento orale che rinvia alle norme nazionali in materia di elezioni provinciali. L\u2019emendamento \u00e8 stato approvato.<\/p>\n\n\n\n<p>Il Presidente Pais ha assicurato che l\u2019assessore&nbsp;della sanit\u00e0 domani sar\u00e0 in aula.<\/p>\n\n\n\n<p>Gli emendamenti 852 e 853 (balneazione) sono stati illustrati in aula dal primo firmatario Antonello Peru che ha annunciato il ritiro di entrambi a condizione di un impegno da parte della commissione competente e dell\u2019assessore Salaris di trattare l\u2019argomento in commissione, sentendo in audizione i balneari, nel pi\u00f9 breve tempo possibile. L\u2019assessore Salaris e il presidente della commissione Talanas hanno accolto la proposta e gli emendamenti sono stati ritirati.<\/p>\n\n\n\n<p>Franco Mula (Psd\u2019az), sull\u2019ordine dei lavori, ha chiesto che nella seduta della commissione si discuta anche dei canoni di locazione che sono aumentati a dismisura i da 600 a 2400 a 3300 euro. &nbsp;<\/p>\n\n\n\n<p>Francesco Agus (Progressisti)&nbsp;ha chiesto il voto segreto sull\u2019emendamento&nbsp;883 (emendamento all\u2019emendamento 512 all\u2019art 21.10) che riguarda la Fondazione \u201cTrenino verde storico della Sardegna.<\/p>\n\n\n\n<p>Questo emendamento, primo firmatario Gian Franco Satta,&nbsp;introduce l\u2019articolo 21.20 bis \u201cModifiche alla legge regionale 12 giugno 2006, n.9 in materia di Conferimento di funzioni e compiti agli enti locali\u201d.<\/p>\n\n\n\n<p>Subito dopo il voto, ma prima dello spoglio, il Presidente Pais ha sospeso la seduta a causa di un malore di un consigliere.<\/p>\n\n\n\n<p>Alla ripresa &nbsp;&nbsp;&nbsp;il Presidente Pais ha comunicato che la seduta \u00e8 tolta e che i lavori sono aggiornati a domattina alle 10.30. Com<\/p>\n","protected":false},"excerpt":{"rendered":"<p>Cagliari, 6 Sett 2023 &#8211; I lavori pomeridiani del Consiglio regionale della Sardegna, sono stati aperti dal presidente Michele Pais. All\u2019ordine del giorno l\u2019esame dell\u2019articolo&#8230;<\/p>\n","protected":false},"author":2,"featured_media":191710,"comment_status":"closed","ping_status":"open","sticky":false,"template":"","format":"standard","meta":[],"categories":[49,52],"tags":[],"_links":{"self":[{"href":"https:\/\/www.cronacaonline.it\/index.php\/wp-json\/wp\/v2\/posts\/239858"}],"collection":[{"href":"https:\/\/www.cronacaonline.it\/index.php\/wp-json\/wp\/v2\/posts"}],"about":[{"href":"https:\/\/www.cronacaonline.it\/index.php\/wp-json\/wp\/v2\/types\/post"}],"author":[{"embeddable":true,"href":"https:\/\/www.cronacaonline.it\/index.php\/wp-json\/wp\/v2\/users\/2"}],"replies":[{"embeddable":true,"href":"https:\/\/www.cronacaonline.it\/index.php\/wp-json\/wp\/v2\/comments?post=239858"}],"version-history":[{"count":1,"href":"https:\/\/www.cronacaonline.it\/index.php\/wp-json\/wp\/v2\/posts\/239858\/revisions"}],"predecessor-version":[{"id":239859,"href":"https:\/\/www.cronacaonline.it\/index.php\/wp-json\/wp\/v2\/posts\/239858\/revisions\/239859"}],"wp:featuredmedia":[{"embeddable":true,"href":"https:\/\/www.cronacaonline.it\/index.php\/wp-json\/wp\/v2\/media\/191710"}],"wp:attachment":[{"href":"https:\/\/www.cronacaonline.it\/index.php\/wp-json\/wp\/v2\/media?parent=239858"}],"wp:term":[{"taxonomy":"category","embeddable":true,"href":"https:\/\/www.cronacaonline.it\/index.php\/wp-json\/wp\/v2\/categories?post=239858"},{"taxonomy":"post_tag","embeddable":true,"href":"https:\/\/www.cronacaonline.it\/index.php\/wp-json\/wp\/v2\/tags?post=239858"}],"curies":[{"name":"wp","href":"https:\/\/api.w.org\/{rel}","templated":true}]}}