{"id":239824,"date":"2023-09-05T19:59:29","date_gmt":"2023-09-05T17:59:29","guid":{"rendered":"https:\/\/www.cronacaonline.it\/?p=239824"},"modified":"2023-09-05T19:59:32","modified_gmt":"2023-09-05T17:59:32","slug":"consiglio-sardegna-collegato-alla-manovra-finanziaria-2023-2025-i-lavori-riprenderanno-domani-alle-1030","status":"publish","type":"post","link":"https:\/\/www.cronacaonline.it\/index.php\/2023\/09\/05\/consiglio-sardegna-collegato-alla-manovra-finanziaria-2023-2025-i-lavori-riprenderanno-domani-alle-1030\/","title":{"rendered":"Consiglio Sardegna &#8211; Collegato alla manovra finanziaria 2023-2025. I lavori riprenderanno domani alle 10,30."},"content":{"rendered":"\n<p>Cagliari, 5 Sett 2023 -\u00a0 La seduta \u00e8 stata aperta dal presidente del Consiglio regionale della Sardegna Michele Pais. Dopo e formalit\u00e0 di rito, il Consiglio ha proseguito l\u2019esame dell\u2019ordine del giorno con l\u2019art. 20.1 del DL n.373 ed i relativi emendamenti. Intervenendo sull\u2019ordine dei lavori Franco Mula (Psd\u2019Az), premettendo di provare un imbarazzo non consono al suo modo di fare politica, orientato a dare sempre il massimo per l\u2019attuazione del programma della maggioranza, ha duramente criticato il presidente del Consiglio per un \u201cpost\u201d sui social media, che, a suo avviso, rappresenta una grave mancanza di rispetto nei confronti dell\u2019Aula e dello stesso Psd\u2019Az. Infatti, ha ricordato Mula, c\u2019era accordo fra i gruppi per collocare alcune proposte come provenienti dalla Giunta in un\u2019area \u201cneutra\u201d per non creare contrapposizioni che, invece, si sono puntualmente registrate. Nonostante queste anomalie, ha continuato Mula, abbiamo approvato la proposta per spirito di appartenenza ma non si pu\u00f2 \u201cbuttare\u201d in pasto all\u2019opinione pubblica certi fatti politici senza compiere un grave affronto che, fra l\u2019altro, spiega perch\u00e9 la maggioranza \u201c\u00e8 in stato avanzato di decomposizione\u201d.<\/p>\n\n\n\n<p>Eugenio Lai (Ars) ha affermato che anche l\u2019opposizione prova imbarazzo (ovviamente per motivi diversi). Da mesi, ha proseguito rivolto al presidente, sottolineiamo un aspetto irrisolto: lei \u00e8 coordinatore regionale della Lega e nello stesso tempo presidente del Consiglio e ci\u00f2 ha ripercussioni fortemente negative sull\u2019attivit\u00e0 del Consiglio regionale che, nello specifico, ha iniziato i suoi lavori con grande ritardo per la sua assenza. Il presidente ha replicato di essere sempre stato presente precisando che i ritardi nell\u2019avvio della seduta sono stati causati dalla mancanza del numero legale. Per il resto, ha concluso, ritengo che tutte le opinioni politiche siano legittime e rispettabili. Successivamente, dopo il voto contrario su alcuni emendamenti della minoranza, \u00e8 stato approvato il testo dell\u2019articolo.<\/p>\n\n\n\n<p>A seguire, il Consiglio ha deciso di rinviare a fine legge l\u2019emendamento 44 (Comandini e pi\u00f9) sui canoni degli alloggi dello Stato, ed ha invece approvato l\u2019emendamento 45 (Comandini e pi\u00f9), sempre in materia di alloggi ma in questo caso di Area, prorogando i prezzi delle locazioni attuali. L\u2019Assemblea ha proseguito i suoi lavori con l\u2019esame dell\u2019articolo 21.22. Dopo il voto favorevole sul testo, sono stati approvati alcuni emendamenti: 798 (Giunta) che prevede l\u2019utilizzo di 2.5 milioni (gi\u00e0 inseriti in Finanziaria) nella gestione, affidata alle imprese di settore, delle attivit\u00e0 di promozione dei prodotti tipici; 881 (Giunta) sull\u2019esenzione dell\u2019Irap per le attivit\u00e0 senza scopo di lucro (Onlus). Subito dopo \u00e8 cominciato l\u2019esame dell\u2019articolo 21.23. Illustrando il contenuto dell\u2019articolo l\u2019assessore del Turismo e Commercio Gianni Chessa ha spiegato che si tratta di una serie di adeguamenti della normativa regionale che si sono resi necessari per consentire ai centri commerciali di redistribuire i propri spazi per ospitare nuovi prodotti. Il testo \u00e8 stato poi approvato. Oltre all\u2019articolo, sono stati approvati anche i seguenti emendamenti: 734 (Giunta) che prevede il trasferimento all\u2019assessorato al turismo della gestione degli albi per le imprese artigiane, dopo soppressione commissioni provinciali; 809 (Giunta) sulla riduzione delle sanzioni amministrative. Successivamente \u00e8 iniziata la discussione dell\u2019articolo 21.24 Intervenendo nella discussione generale, ma riferendosi ad un emendamento del suo gruppo, il consigliere del Pd Giuseppe Meloni ha auspicato il sollecito intervento del Consiglio a favore dei territori colpiti dagli incendi dell\u2019estate scorsa. Nello specifico, Meloni ha proposto una prima misura di 5.5 milioni, come doveroso segnale di concretezza delle istituzioni regionali. Sulla proposta si \u00e8 sviluppato un dibattito nel quale hanno preso la parola i consiglieri Franco Mula (Psd\u2019Az), Eugenio Lai (Arv) e Francesco Agus (Progressisti), concordi nell\u2019individuare la necessit\u00e0 di un intervento urgente a sostengo sia dei Comuni colpiti che delle economie locali e delle aziende danneggiate. A nome della Giunta, l\u2019assessore della Programmazione Giuseppe Fasolino ha assicurato l\u2019impegno dell\u2019Esecutivo che, dal punto di vista procedurale, sar\u00e0 concretizzato alla fine della legge attraverso la revisione di una parte delle tabelle nella quale saranno inserite tutte le risorse necessarie. Se non dovessero essere sufficienti, saranno integrate in sede di assestamento di bilancio. Successivamente \u00e8 stato approvato il testo dell\u2019articolo, integrato dai seguenti emendamenti: 736 (Giunta) che prevede la revoca delle risorse stanziate nella legge di stabilit\u00e0 per l\u2019America\u2019Cup; 733, 735 e 767 per adeguamento della normativa regionale sul turismo (contenuta nella legge 20 del 2006) ai pi\u00f9 recenti aggiornamenti nazionali del 2021. Approvato l\u2019emendamento 733, l\u2019Aula ha messo in votazione l\u2019emendamento 735 che \u00e8 stato illustrato dall\u2019assessore Chessa e prevede il riconoscimento di \u201cresidenze d\u2019epoca\u201d secondo il codice del paesaggio. L\u2019Aula ha approvato il 735 e ha discusso il 767, che prevede una modifica tecnica nelle norme sull\u2019attivit\u00e0 di bed and breakfast per consentire anche l\u2019attivit\u00e0 imprenditoriale, oltre quella non professionale, in questo settore del turismo.<\/p>\n\n\n\n<p>Per Manca (Cinque stelle) \u201cin questo collegato sta arrivando di tutto, con modifiche corpose di leggi importanti, scavalcando le commissioni di merito\u201d. A favore dell\u2019emendamento Annalisa Manca (FdI), che ha detto: \u201cPer la prima volta i B&amp;B potranno lavorare anche a livello imprenditoriale, consentendo cos\u00ec all\u2019imprenditore di scaricare costi che altrimenti non potrebbe scaricare\u201d. Dai banchi del Pd i consiglieri Corrias e Comandini hanno detto: \u201cStiamo modificando sei leggi, con pochi emendamenti. Non \u00e8 il modo corretto di procedere, dobbiamo coinvolgere le associazioni di categoria e leggere i dati. Attenzione, perch\u00e9 stiamo modificando un settore delicatissimo\u201d. Il capogruppo del Pd, Gianfranco Ganau, ha chiesto il voto palese sull\u2019emendamento mentre l\u2019assessore Chessa ha tentato una difesa della norma sostenendo che \u201csi tratta di temi che sono stati affrontati dalle commissioni\u201d.<\/p>\n\n\n\n<p>Invece per il progressista Massimo Zedda sarebbe importante \"approfondire il fatto che, come scrivono i quotidiani, New York ha chiuso le porte al sistema AirB&amp;B, visto che l\u2019obiettivo \u00e8 preservare l\u2019offerta di abitazioni per i residenti di lungo periodo. Noi spesso stiamo impedendo a ragazzi e non solo ragazzi di trovare casa nel centro di Cagliari e nemmeno nel centro, perch\u00e9 tutti gli appartamenti sono destinati a B&amp;B\u201d. Per l\u2019on. Daniele Cocco (Rossoverdi) \u201c\u00e8 evidente che c\u2019\u00e8 un caso politico dentro la maggioranza ma fareste bene a sospendere perch\u00e9 vi state dicendo da soli che la maggioranza \u00e8 in stato avanzato di decomposizione\u201d. A seguire l\u2019on. Agus (Progressisti): \u201cLa vostra \u00e8 tutta una propaganda, non ci sono i tempi tecnici per mettere a bando i 25 milioni di euro per le compagnie aeree. Farebbe bene a tutti riflettere e non correre i cento metri con il ritmo della maratona. Le istituzioni non sono i social network\u201d. Sul voto dell\u2019emendamento 767 il presidente Pais ha sospeso i lavori. Alla ripresa il Presidente ha chiuso la seduta e ha aggiornato i lavori a domani mattina alle 10,30. &nbsp;Com<\/p>\n","protected":false},"excerpt":{"rendered":"<p>Cagliari, 5 Sett 2023 &#8211;\u00a0 La seduta \u00e8 stata aperta dal presidente del Consiglio regionale della Sardegna Michele Pais. Dopo e formalit\u00e0 di rito, il&#8230;<\/p>\n","protected":false},"author":2,"featured_media":191705,"comment_status":"closed","ping_status":"open","sticky":false,"template":"","format":"standard","meta":[],"categories":[49,52],"tags":[],"_links":{"self":[{"href":"https:\/\/www.cronacaonline.it\/index.php\/wp-json\/wp\/v2\/posts\/239824"}],"collection":[{"href":"https:\/\/www.cronacaonline.it\/index.php\/wp-json\/wp\/v2\/posts"}],"about":[{"href":"https:\/\/www.cronacaonline.it\/index.php\/wp-json\/wp\/v2\/types\/post"}],"author":[{"embeddable":true,"href":"https:\/\/www.cronacaonline.it\/index.php\/wp-json\/wp\/v2\/users\/2"}],"replies":[{"embeddable":true,"href":"https:\/\/www.cronacaonline.it\/index.php\/wp-json\/wp\/v2\/comments?post=239824"}],"version-history":[{"count":1,"href":"https:\/\/www.cronacaonline.it\/index.php\/wp-json\/wp\/v2\/posts\/239824\/revisions"}],"predecessor-version":[{"id":239825,"href":"https:\/\/www.cronacaonline.it\/index.php\/wp-json\/wp\/v2\/posts\/239824\/revisions\/239825"}],"wp:featuredmedia":[{"embeddable":true,"href":"https:\/\/www.cronacaonline.it\/index.php\/wp-json\/wp\/v2\/media\/191705"}],"wp:attachment":[{"href":"https:\/\/www.cronacaonline.it\/index.php\/wp-json\/wp\/v2\/media?parent=239824"}],"wp:term":[{"taxonomy":"category","embeddable":true,"href":"https:\/\/www.cronacaonline.it\/index.php\/wp-json\/wp\/v2\/categories?post=239824"},{"taxonomy":"post_tag","embeddable":true,"href":"https:\/\/www.cronacaonline.it\/index.php\/wp-json\/wp\/v2\/tags?post=239824"}],"curies":[{"name":"wp","href":"https:\/\/api.w.org\/{rel}","templated":true}]}}