{"id":239818,"date":"2023-09-05T15:40:04","date_gmt":"2023-09-05T13:40:04","guid":{"rendered":"https:\/\/www.cronacaonline.it\/?p=239818"},"modified":"2023-09-05T15:40:07","modified_gmt":"2023-09-05T13:40:07","slug":"presentato-questa-mattina-a-palazzo-bacaredda-un-nuovo-progetto-per-la-sicurezza-stradale-a-cagliari-ruote-ferme-pedoni-salvi","status":"publish","type":"post","link":"https:\/\/www.cronacaonline.it\/index.php\/2023\/09\/05\/presentato-questa-mattina-a-palazzo-bacaredda-un-nuovo-progetto-per-la-sicurezza-stradale-a-cagliari-ruote-ferme-pedoni-salvi\/","title":{"rendered":"Presentato questa mattina a Palazzo Bacaredda un nuovo progetto per la sicurezza stradale a Cagliari: &#8220;Ruote ferme, pedoni salvi&#8221;."},"content":{"rendered":"\n<p>Cagliari, 5 Sett 2023 - Oggi \u00e8 stato lanciato ufficialmente a Cagliari un progetto innovativo chiamato \"Ruote ferme, pedoni Salvi\". Questo programma \u00e8 frutto della collaborazione tra l'Associazione Familiari e Vittime della Strada onlus (Afvs) e il Comune di Cagliari, con un protocollo d'intesa siglato all'inizio dell'anno.<\/p>\n\n\n\n<p>L'obiettivo principale di questo progetto \u00e8 migliorare la sicurezza stradale e proteggere i pedoni, considerati gli utenti pi\u00f9 vulnerabili della strada. Inoltre, mira a rieducare coloro che sono coinvolti in reati legati alla guida in stato di ebrezza alcolica o sotto l'effetto di stupefacenti, attraverso l'adozione di misure alternative.<\/p>\n\n\n\n<p>\u201cIl tema della sicurezza stradale \u00e8 un obiettivo di mandato che l'Amministrazione ha voluto affrontare da subito, con una serie di interventi finalizzati a mettere in sicurezza le strade cittadine come, tra i tanti, incrementando le \u201czone 30\u201d o collocando attraversamenti pedonali rialzati\u201d, ha rimarcato il sindaco Paolo Truzzu incontrando i giornalisti a Palazzo Bacaredda.<\/p>\n\n\n\n<p>Dati Istat alla mano, Alessio Mereu, assessore alle Politiche per la mobilit\u00e0, ha invece ricordato che \u201cnel 2022 gli incidenti stradali sono stati 151.000, il 28% in pi\u00f9 rispetto al 2021. Anche questo ha convinto Governo a predisporre una nuova normativa a scopo preventivo\u201d. Intanto l'Amministrazione comunale di Cagliari sta portando avanti una serie di interventi per migliorare la sicurezza di pedoni e automobilisti, come l'allargamento dei marciapiedi in prossimit\u00e0 degli incroci e nuovi attraversamenti pedonali rialzati in diverse zone della citt\u00e0, soprattutto quelle con maggior traffico.<\/p>\n\n\n\n<p>Una parte centrale del progetto coinvolge dunque gli imputati, gli indagati e i condannati che sono stati affidati all'Afvs e che sono sotto la supervisione dell'Ufficio Inter distrettuale di Esecuzione Penale Esterna (UIEPE) di Cagliari. Queste persone, anzich\u00e9 scontare la loro pena in modo tradizionale, diventano \"assistenti pedonali\".<\/p>\n\n\n\n<p>Gli assistenti pedonali vengono formati appositamente dagli agenti di Polizia Locale di Cagliari e opereranno presso attraversamenti pedonali considerati a rischio, dove contribuiranno a garantire la sicurezza dei pedoni. Saranno riconoscibili grazie a pettorine ad alta visibilit\u00e0, palettine e luci lampeggianti.<\/p>\n\n\n\n<p>Il primo corso di formazione per questi assistenti si \u00e8 tenuto questa mattina al Comando della Polizia Locale di via Crespellani 5A, con la partecipazione di 9 corsisti. Questi assistenti saranno posizionati sugli attraversamenti pedonali individuati in collaborazione tra la Polizia e l'AFVS, a partire da dopodomani, gioved\u00ec 7 settembre 2023.<\/p>\n\n\n\n<p>Gli attraversamenti pedonali selezionati in via preliminare includono diverse zone chiave della citt\u00e0, come i dintorni del Tribunale Ordinario e della Procura di Cagliari, l'ingresso a istituti scolastici e altre zone ad alto traffico pedonale. In particolare: piazza Repubblica, via Tuveri e via Pessina, viale Colombo, via Grazia Deledda, via Tuveri, via Liguria, viale Ciusa, via Amat, viale Trento; via Cornalias, via Koch e via Cadello.<\/p>\n\n\n\n<p>L'obiettivo primario \u00e8 garantire maggiore sicurezza ai pedoni, riducendo il rischio di incidenti stradali e promuovendo attraversamenti pi\u00f9 sicuri.<\/p>\n\n\n\n<p>Per coloro che hanno commesso reati legati alla guida in stato di ebrezza alcolica o sotto l'effetto di stupefacenti, questa iniziativa offre una possibilit\u00e0 di riflessione e rieducazione. Gli assistenti pedonali possono comprendere meglio la gravit\u00e0 dei propri atti e contribuire a promuovere una cultura di legalit\u00e0 e sicurezza stradale.<\/p>\n\n\n\n<p>\u201cCon Cagliari si aggiunge all\u2019elenco delle citt\u00e0 che hanno aderito al progetto \u201cRuote ferme, pedoni salvi\u201d, un\u2019altra importante realt\u00e0 territoriale\u201d, ha spiegato Silvia Frisina. \u201cAbbiamo voluto la sottoscrizione di questo protocollo molto fortemente \u2013 ha aggiunto il delegato di presidenza della AFVS - soprattutto in seguito alla vicenda che sconvolse la citt\u00e0 nel febbraio 2022 quando un motociclista travolse Daniele Ulver, di appena 14 mesi che stava attraversando sulle strisce pedonali con la mamma in via Cadello. Da oggi ci sar\u00e0 un presidio in pi\u00f9 a protezione degli utenti deboli della strada, utile anche alla rieducazione di coloro che hanno infranto il patto con la giustizia. Il progetto vuole essere dedicato anche alla memoria di Vincenzo Ceravolo, che \u00e8 stato travolto e ucciso sulle strisce pedonali a Quartu Sant\u2019Elena il 13 marzo 2021. Un ringraziamento particolare voglio rivolgerlo alla dottoressa Antonella Di Spena, direttrice dell\u2019Ufficio inter distrettuale di Esecuzione penale esterna di Cagliari, che ha fortemente voluto la realizzazione del progetto\u201d.<\/p>\n\n\n\n<p>A condividere l'anima di \"Ruote ferme, pedoni salvi\" anche Nicoletta Atzeni, responsabile Area II - Misure e sanzioni di comunit\u00e0 dell\u2019Ufficio Inter distrettuale di Esecuzione penale esterna di Cagliari, che ha parlato di \u201cutilit\u00e0 sociale dell'iniziativa\u201d. Cos\u00ec come la referente regionale per i lavori di pubblica, anche lei presente all'incontro con gli organi di stampa di questa mattina di marted\u00ec 5 settembre 2023 nella Sala del retablo al secondo piano del Palazzo Civico di via Roma 145.<\/p>\n\n\n\n<p>\u00c8 importante sottolineare che il progetto sar\u00e0 finanziato dall'Associazione Familiari e Vittime della Strada, grazie alle donazioni e ai versamenti effettuati come condotte riparatorie nell'ambito della messa alla prova e della giustizia riparativa. Ci\u00f2 significa che non comporter\u00e0 costi aggiuntivi per l'Amministrazione comunale.<\/p>\n\n\n\n<p>\"Ruote ferme, pedoni salvi\" \u00e8 stato accolto con entusiasmo a Cagliari e rappresenta un ulteriore passo verso una maggiore sicurezza stradale e una comunit\u00e0 pi\u00f9 consapevole delle responsabilit\u00e0 di ciascun utente della strada. Com<\/p>\n","protected":false},"excerpt":{"rendered":"<p>Cagliari, 5 Sett 2023 &#8211; Oggi \u00e8 stato lanciato ufficialmente a Cagliari un progetto innovativo chiamato &#8220;Ruote ferme, pedoni Salvi&#8221;. Questo programma \u00e8 frutto della&#8230;<\/p>\n","protected":false},"author":2,"featured_media":239819,"comment_status":"closed","ping_status":"open","sticky":false,"template":"","format":"standard","meta":[],"categories":[49,52],"tags":[],"_links":{"self":[{"href":"https:\/\/www.cronacaonline.it\/index.php\/wp-json\/wp\/v2\/posts\/239818"}],"collection":[{"href":"https:\/\/www.cronacaonline.it\/index.php\/wp-json\/wp\/v2\/posts"}],"about":[{"href":"https:\/\/www.cronacaonline.it\/index.php\/wp-json\/wp\/v2\/types\/post"}],"author":[{"embeddable":true,"href":"https:\/\/www.cronacaonline.it\/index.php\/wp-json\/wp\/v2\/users\/2"}],"replies":[{"embeddable":true,"href":"https:\/\/www.cronacaonline.it\/index.php\/wp-json\/wp\/v2\/comments?post=239818"}],"version-history":[{"count":1,"href":"https:\/\/www.cronacaonline.it\/index.php\/wp-json\/wp\/v2\/posts\/239818\/revisions"}],"predecessor-version":[{"id":239820,"href":"https:\/\/www.cronacaonline.it\/index.php\/wp-json\/wp\/v2\/posts\/239818\/revisions\/239820"}],"wp:featuredmedia":[{"embeddable":true,"href":"https:\/\/www.cronacaonline.it\/index.php\/wp-json\/wp\/v2\/media\/239819"}],"wp:attachment":[{"href":"https:\/\/www.cronacaonline.it\/index.php\/wp-json\/wp\/v2\/media?parent=239818"}],"wp:term":[{"taxonomy":"category","embeddable":true,"href":"https:\/\/www.cronacaonline.it\/index.php\/wp-json\/wp\/v2\/categories?post=239818"},{"taxonomy":"post_tag","embeddable":true,"href":"https:\/\/www.cronacaonline.it\/index.php\/wp-json\/wp\/v2\/tags?post=239818"}],"curies":[{"name":"wp","href":"https:\/\/api.w.org\/{rel}","templated":true}]}}