{"id":239813,"date":"2023-09-05T15:11:45","date_gmt":"2023-09-05T13:11:45","guid":{"rendered":"https:\/\/www.cronacaonline.it\/?p=239813"},"modified":"2023-09-05T15:11:47","modified_gmt":"2023-09-05T13:11:47","slug":"potenziamento-del-traffico-aereo-pais-nasce-il-modello-sardo","status":"publish","type":"post","link":"https:\/\/www.cronacaonline.it\/index.php\/2023\/09\/05\/potenziamento-del-traffico-aereo-pais-nasce-il-modello-sardo\/","title":{"rendered":"Potenziamento del traffico aereo, Pais: &#8220;nasce il modello sardo&#8221;."},"content":{"rendered":"\n<p>Cagliari, 5 Sett 2023 - Il Consiglio regionale della Sardegna ha approvato oggi un'importante emendamento per il potenziamento del traffico aereo della Sardegna.<br>Le risorse stanziate dal Consiglio regionale sono pari a 25 milioni di euro di cui 5 milioni per l'anno 2023 e 10 milioni per ciascuno degli anni 2024 e 2025, finalizzate al potenziamento e sviluppo del traffico aereo da e per la Sardegna attraverso l'attivazione di nuove rotte non coperte da altri vettori.<br>Il provvedimento \u00e8 finalizzato all\u2019incremento di voli per garantire il diritto alla mobilit\u00e0 dei cittadini sardi e per la destagionalizzazione delle presenze turistiche.<br>\"Grazie a un emendamento - primo firmatario Michele Ennas capogruppo della Lega in Consiglio regionale - che richiama il DL della Giunta sarda, e all'assessore ai Trasporti Antonio Moro, siamo riusciti a portare a casa un risultato \u00a0importante che consentir\u00e0 di\u00a0costruire un modello dei trasporti aerei sardi complementare alla continuit\u00e0 territoriale, cos\u00ec rafforzando, da un lato, il diritto alla mobilit\u00e0 dei Sardi e ampliando, dall'altro, l'offerta di trasporto aereo a fini turistici rendendo cos\u00ec accessibile la Sardegna tutto l'anno\".<br>\"Ora, a maggior ragione, la Regione Sardegna deve essere protagonista nella programmazione dei trasporti e dei flussi turistici della Sardegna, che investono anche profili occupazionali da difendere\" - conclude Michele Pais - \"I nostri aeroporti sono infrastrutture strategiche rispetto alle quali \u00e8 indispensabile il coinvolgimento della Regione che oggi, come sempre, \u00a0interviene per sostenere i collegamenti aerei e gli investimenti\u00a0negli\u00a0scali\". Com<\/p>\n","protected":false},"excerpt":{"rendered":"<p>Cagliari, 5 Sett 2023 &#8211; Il Consiglio regionale della Sardegna ha approvato oggi un&#8217;importante emendamento per il potenziamento del traffico aereo della Sardegna.Le risorse stanziate&#8230;<\/p>\n","protected":false},"author":2,"featured_media":191710,"comment_status":"closed","ping_status":"open","sticky":false,"template":"","format":"standard","meta":[],"categories":[49,52],"tags":[],"_links":{"self":[{"href":"https:\/\/www.cronacaonline.it\/index.php\/wp-json\/wp\/v2\/posts\/239813"}],"collection":[{"href":"https:\/\/www.cronacaonline.it\/index.php\/wp-json\/wp\/v2\/posts"}],"about":[{"href":"https:\/\/www.cronacaonline.it\/index.php\/wp-json\/wp\/v2\/types\/post"}],"author":[{"embeddable":true,"href":"https:\/\/www.cronacaonline.it\/index.php\/wp-json\/wp\/v2\/users\/2"}],"replies":[{"embeddable":true,"href":"https:\/\/www.cronacaonline.it\/index.php\/wp-json\/wp\/v2\/comments?post=239813"}],"version-history":[{"count":1,"href":"https:\/\/www.cronacaonline.it\/index.php\/wp-json\/wp\/v2\/posts\/239813\/revisions"}],"predecessor-version":[{"id":239814,"href":"https:\/\/www.cronacaonline.it\/index.php\/wp-json\/wp\/v2\/posts\/239813\/revisions\/239814"}],"wp:featuredmedia":[{"embeddable":true,"href":"https:\/\/www.cronacaonline.it\/index.php\/wp-json\/wp\/v2\/media\/191710"}],"wp:attachment":[{"href":"https:\/\/www.cronacaonline.it\/index.php\/wp-json\/wp\/v2\/media?parent=239813"}],"wp:term":[{"taxonomy":"category","embeddable":true,"href":"https:\/\/www.cronacaonline.it\/index.php\/wp-json\/wp\/v2\/categories?post=239813"},{"taxonomy":"post_tag","embeddable":true,"href":"https:\/\/www.cronacaonline.it\/index.php\/wp-json\/wp\/v2\/tags?post=239813"}],"curies":[{"name":"wp","href":"https:\/\/api.w.org\/{rel}","templated":true}]}}