{"id":239666,"date":"2023-09-01T08:47:34","date_gmt":"2023-09-01T06:47:34","guid":{"rendered":"https:\/\/www.cronacaonline.it\/?p=239666"},"modified":"2023-09-01T08:47:37","modified_gmt":"2023-09-01T06:47:37","slug":"consiglio-sardegna-collegato-alla-manovra-finanziaria-2023-2025-approvata-la-nuova-colata-di-cemento-nei-pressi-delle-spiagge-sarde-gli-hotel-per-ricchi-possono-aumentare-la-volumetria-del-25-per","status":"publish","type":"post","link":"https:\/\/www.cronacaonline.it\/index.php\/2023\/09\/01\/consiglio-sardegna-collegato-alla-manovra-finanziaria-2023-2025-approvata-la-nuova-colata-di-cemento-nei-pressi-delle-spiagge-sarde-gli-hotel-per-ricchi-possono-aumentare-la-volumetria-del-25-per\/","title":{"rendered":"Consiglio Sardegna &#8211; Collegato alla manovra finanziaria 2023-2025. Approvata la nuova colata di cemento nei pressi delle spiagge sarde. Gli hotel per ricchi possono aumentare la volumetria del 25 per cento. E si possono abitare anche i seminterrati. I lavori riprenderanno marted\u00ec, 5 settembre, alle 10.30."},"content":{"rendered":"\n<p>Cagliari, 1 Sett 2023 \u2013 Ieri, alla ripresa dei lavori nella seduta pomeridiana del consiglio regionale della Sardegna, il presidente Pais ha messo in votazione gli emendamenti (a partire dal 334) al articolo 21.11. Sul voto dell\u2019emendamento 336 il presidente Pais ha constatato il numero legale e ha sospeso i lavori fino alle 17.<\/p>\n\n\n\n<p>Alla ripresa l\u2019Aula ha respinto l\u2019emendamento 336 mentre Ganau a nome del Pd ha chiesto il voto palese su tutti gli emendamenti. Cos\u00ec sono stati respinti il 337, 338, 339, 340, 341 e 342. Approvato invece il testo dell\u2019articolo 21.11. (c.c.)<\/p>\n\n\n\n<p>Sull\u2019articolo&nbsp;21.12 \u201cInterventi di recupero dei seminterrati, dei piani pilotis e dei locali al piano terra\u201d e sugli emendamenti sono intervenuti:<\/p>\n\n\n\n<p>Francesco Agus (Progressisti) che ha ricordato i tragici fatti relativi al ciclone Cleopatra di Olbia e ha definito l\u2019articolo 21.12 una \u201cnorma per ingordigia\u201d per un turismo \u201cstraccione\u201d. Il fine, per il capogruppo dei Progressisti, \u00e8 quello&nbsp;del recupero dei seminterrati a uso turistico. Questo articolo non \u00e8 fatto nell\u2019interesse dei sardi e potrebbe creare problemi serissimi.<\/p>\n\n\n\n<p>Michele Cossa (Riformatori) ha precisato che in questa norma non si parla di turismo, ma&nbsp;si parla di utilizzo dei seminterrati a uso residenziale per limitare il consumo del suolo.<\/p>\n\n\n\n<p>Franco Mula (Psd\u2019az) ha detto che i parametri sono chiari, non c\u2019\u00e8 nessun danno e nessuno scandalo.<\/p>\n\n\n\n<p>Maria Laura Orr\u00f9 (Alleanza Rosso \u2013Verde) ha affermato che non \u00e8 d\u2019accordo su questo articolo. Le persone sono morte negli scantinati. I cambiamenti climatici non ci consentano di stare tranquilli neanche nei piani alti.&nbsp; Capiamo che i parametri devono essere rispettati, che ci devono essere caratteristiche ma se ci guardiamo intorno vediamo che anche i seminterrati che ci sono sono abitati spesso da persone pi\u00f9 deboli economicamente.<\/p>\n\n\n\n<p>Massimo Zedda (Progressisti) ha citato il caso degli allagamenti in Emilia Romagna. Anche in Sardegna rischiamo, oltre al&nbsp;pericolo, che questi seminterrati entrino nel mercato delle seconde case. Questo articolo se approvato provocher\u00e0 ulteriore tracollo del turismo.<\/p>\n\n\n\n<p>Roberto Li Gioi (M5S) ha definito l\u2019articolo 21.12&nbsp;una norma \u201cpesante\u201d che non pu\u00f2 essere affrontata&nbsp;in un Collegato. Se \u00e8 vero che non c\u2019\u00e8 scritto che saranno destinate al&nbsp;settore turistico, la realt\u00e0 \u00e8 questa. Inserire in questa norma il recupero dei seminterrati \u00e8 ingordigia. La maggioranza si sta dimenticando la storia. Vi chiedo \u2013 ha aggiunto rivolgendosi alla maggioranza \u2013 di ripensarci.&nbsp; La nostra opposizione non \u00e8 ideologica ma solo buon senso.&nbsp; Le vittime vere saranno i pi\u00f9 deboli.<\/p>\n\n\n\n<p>Rossella Pinna (Pd) ha sollecitato i colleghi a esaminare con attenzione il comma 5 che introduce l\u2019uso \u201csocio-sanitario\u201d. Il comma 5, infatti, recita \u201cIl recupero dei porticati e dei locali a piano terra o piano rialzato \u00e8 consentito ad uso direzionale, commerciale, socio-sanitario e residenziale a condizione che rispettino un'altezza minima interna di 2,40 metri\u201d. Pinna ha esortato tutti a riflettere sul fatto che, in base alle informazioni in suo possesso risulta che per le strutture socio-sanitarie siano previste altezze superiori. D\u2019accordo anche il capogruppo del Pd, Gianfranco Ganau, che ha definito il comma 5 \u201cimbarazzante\u201d e ha proposto di cassarlo.<\/p>\n\n\n\n<p>L\u2019assessore Salaris ha spiegato che si parla di un\u2019altezza minima di 2,40 metri, ma se ci sono norme di settore che prevedono un\u2019altezza diversa renderanno inapplicabile quanto previsto dal comma 5.<\/p>\n\n\n\n<p>Francesco Agus (capogruppo Progressisti) ha esortato la maggioranza a fare attenzione alle parole utilizzate, soprattutto se non hanno un significato chiaro o non sono applicabili. Agus ha esortato la maggioranza a rimuovere questa parola dal testo. Ganau ha quindi proposto un emendamento orale con la soppressione della parola \u201csocio-sanitario\u201d, che \u00e8 stato accolto dall\u2019Aula.<\/p>\n\n\n\n<p>Il Consiglio ha, poi, approvato il testo dell\u2019articolo 21.12, e successivamente anche agli articoli 21.13 (\u201cInterventi per il riuso degli spazi di grande altezza\u201d), 21.14 (\u201cInterventi nelle strutture destinate all'esercizio di attivit\u00e0 turistico-ricettive\u201d) e l\u2019articolo 21.15 (\u201cDisposizioni in favore dei portatori di handicap gravi\u201d) assieme all\u2019emendamento 469.<\/p>\n\n\n\n<p>Approvato anche l\u2019articolo 21.16 (\u201cCondizioni di ammissibilit\u00e0 degli interventi e disposizioni comuni\u201d) con un emendamento orale con la dicitura \u201calla data di approvazione della legge\u201d che sostituisce il refuso del testo che prevedeva la data del 2015.<\/p>\n\n\n\n<p>Approvato anche l\u2019articolo 21.17 (\u201cProcedure\u201d) e l\u2019emendamento aggiuntivo 485.<\/p>\n\n\n\n<p>Approvato anche il testo dell\u2019articolo 21.18 (\u201cModifica all'articolo 37 della legge regionale n.&nbsp;&nbsp;&nbsp;&nbsp; 23 del 1985 in materia di piani di risanamento\u201d). Sull\u2019emendamento aggiuntivo 884 \u00e8 intervenuto il primo firmatario, Emanuele Cera (FI), che ha illustrato il testo spigando che riguarda del programma integrato di riordino urbano della borgata marina di Marcedd\u00ec. L\u2019assessore Salaris ha espresso parere favorevole. Contrari invece Maria Laura Orr\u00f9, Daniele Cocco e Diego Loi (Alleanza Rosso-Verde), e Francesco Agus (Progressisti) perch\u00e9 si tratta di una norma particolare e non tutela tutte le situazioni analoghe presenti in altri territori della Sardegna, \u201crischiando cos\u00ec di fare figli e figliastri\u201d.<\/p>\n\n\n\n<p>L\u2019emendamento 479 \u00e8 stato rinviato alla fine legge. L\u2019assessore Salaris ha spiegato che non \u00e8 di competenza dell\u2019assessorato dell\u2019Urbanistica.<\/p>\n\n\n\n<p>Approvato l\u2019emendamento 488 (Caredda) che recepisce la norma nazionale per la realizzazione di vetrate panoramiche (VEPA). Approvato anche l\u2019emendamento 865 all\u2019emendamento 488. Ritirato invece l\u2019emendamento 866, che secondo Ganau (Pd) limitava le competenze comunali.<\/p>\n\n\n\n<p>Francesco Agus (Progressisti) ha chiesto il voto segreto sull\u2019emendamento 856 della Giunta regionale. Il testo \u00e8 stato approvato con 25 voti favorevoli e 23 contrari.<\/p>\n\n\n\n<p>Approvato anche l\u2019emendamento 873 all\u2019emendamento 490. L\u2019Aula ha poi approvato il testo dell\u2019articolo 21.19 (\u201cModifica alla legge regionale n. 29 del 1998\u201d) e l\u2019emendamento aggiuntivo 74, presentato dalla minoranza. Salvatore Corrias (Pd), primo firmatario dell\u2019emendamento 74, ha spiegato che si tratta di un provvedimento con cui si modifica la legge 29 del 1998 per la tutela e valorizzazione dei centri storici. Riguarda, in particolare, ha spiegato l\u2019esponente del Pd, il comma 4 dell\u2019articolo 6 e prevede le proroghe dei termini, previsti nella legge 29, per andare incontro alle esigenze dei Comuni.<\/p>\n\n\n\n<p>L\u2019Aula ha poi approvato anche l\u2019emendamento 797 della Giunta regionale. L\u2019assessore Salaris ha spiegato che si tratta di somme non spese dai Comuni per i programmi deliberati nel 2009, che saranno in questo modo rimodulate e trasferite ai Comuni stessi per le stesse finalit\u00e0 del 2009. Il presidente Pais ha sospeso la seduta per pochi minuti e ha convocato una conferenza dei capigruppo. Alla ripresa dei lavori il presidente ha chiuso la seduta.<\/p>\n\n\n\n<p>Il Consiglio regionale si riunir\u00e0 marted\u00ec, 5 settembre, alle 10.30. Com<\/p>\n","protected":false},"excerpt":{"rendered":"<p>Cagliari, 1 Sett 2023 \u2013 Ieri, alla ripresa dei lavori nella seduta pomeridiana del consiglio regionale della Sardegna, il presidente Pais ha messo in votazione&#8230;<\/p>\n","protected":false},"author":2,"featured_media":211603,"comment_status":"closed","ping_status":"open","sticky":false,"template":"","format":"standard","meta":[],"categories":[49,52],"tags":[],"_links":{"self":[{"href":"https:\/\/www.cronacaonline.it\/index.php\/wp-json\/wp\/v2\/posts\/239666"}],"collection":[{"href":"https:\/\/www.cronacaonline.it\/index.php\/wp-json\/wp\/v2\/posts"}],"about":[{"href":"https:\/\/www.cronacaonline.it\/index.php\/wp-json\/wp\/v2\/types\/post"}],"author":[{"embeddable":true,"href":"https:\/\/www.cronacaonline.it\/index.php\/wp-json\/wp\/v2\/users\/2"}],"replies":[{"embeddable":true,"href":"https:\/\/www.cronacaonline.it\/index.php\/wp-json\/wp\/v2\/comments?post=239666"}],"version-history":[{"count":1,"href":"https:\/\/www.cronacaonline.it\/index.php\/wp-json\/wp\/v2\/posts\/239666\/revisions"}],"predecessor-version":[{"id":239667,"href":"https:\/\/www.cronacaonline.it\/index.php\/wp-json\/wp\/v2\/posts\/239666\/revisions\/239667"}],"wp:featuredmedia":[{"embeddable":true,"href":"https:\/\/www.cronacaonline.it\/index.php\/wp-json\/wp\/v2\/media\/211603"}],"wp:attachment":[{"href":"https:\/\/www.cronacaonline.it\/index.php\/wp-json\/wp\/v2\/media?parent=239666"}],"wp:term":[{"taxonomy":"category","embeddable":true,"href":"https:\/\/www.cronacaonline.it\/index.php\/wp-json\/wp\/v2\/categories?post=239666"},{"taxonomy":"post_tag","embeddable":true,"href":"https:\/\/www.cronacaonline.it\/index.php\/wp-json\/wp\/v2\/tags?post=239666"}],"curies":[{"name":"wp","href":"https:\/\/api.w.org\/{rel}","templated":true}]}}