{"id":239659,"date":"2023-08-31T19:58:18","date_gmt":"2023-08-31T17:58:18","guid":{"rendered":"https:\/\/www.cronacaonline.it\/?p=239659"},"modified":"2023-08-31T19:58:21","modified_gmt":"2023-08-31T17:58:21","slug":"aerei-e-navi-arrivi-e-traffico-passeggeri-in-crescita-anche-a-luglio-e-agosto-lassessore-dei-trasporti-antonio-moro-numeri-mai-visti-prima","status":"publish","type":"post","link":"https:\/\/www.cronacaonline.it\/index.php\/2023\/08\/31\/aerei-e-navi-arrivi-e-traffico-passeggeri-in-crescita-anche-a-luglio-e-agosto-lassessore-dei-trasporti-antonio-moro-numeri-mai-visti-prima\/","title":{"rendered":"Aerei e navi: arrivi e traffico passeggeri in crescita anche a luglio e agosto. L\u2019assessore dei trasporti Antonio Moro, numeri mai visti prima."},"content":{"rendered":"\n<p>Cagliari, 31 Ago 2023\u00a0- Dal 1 luglio al 30 agosto 2023 il traffico complessivo (arrivi e partenze) nei tre aeroporti e nei quattro porti della Sardegna ha raggiungo la cifra record di 5.401.295 passeggeri; nello stesso periodo di riferimento, nel 2022 erano 5.337.037, mentre nel 2019 si sono fermati a 5.191.285.<\/p>\n\n\n\n<p>Anche gli arrivi non sono mai stati in numero cos\u00ec elevato: dal 1 luglio al 30 agosto 2023 i passeggeri sbarcati negli scali portuali e aeroportuali dell\u2019Isola sono stati complessivamente 2.738.835; nel 2022 erano 2.597.022 e nel 2019 sono stati 2.626.901.<\/p>\n\n\n\n<p>Nel periodo luglio-agosto 2023, il traffico dell\u2019aeroporto di Cagliari ha raggiunto la cifra di 1.189.583 (40.149 passeggeri in pi\u00f9 rispetto all\u2019analogo periodo 2022 e 16.799 rispetto al 2019). Gli arrivi di luglio e agosto 2023 al Mario Mameli sono stati 599.842 (19.593 in pi\u00f9 rispetto al 2022 e 10.951 rispetto al 2019).<\/p>\n\n\n\n<p>Nell\u2019aeroporto di Olbia, il traffico complessivo luglio-agosto 2023 \u00e8 stato pari a 1.390.397 (49.855 passeggeri in pi\u00f9 del 2022 e 172.488 in pi\u00f9 del 2019). Gli arrivi di luglio- agosto 2023 sono stati 696.953 (26.289 in pi\u00f9 rispetto al 2022 e 88.966 in pi\u00f9 rispetto al 2019).<\/p>\n\n\n\n<p>Ad Alghero, luglio-agosto 2023 ha registrato un traffico complessivo (arrivi pi\u00f9 partenze) di 420.408 (21.654 passeggeri in meno rispetto al 2022 e 4.607 in pi\u00f9 rispetto al 2019). Gli arrivi nello scalo algherese, nel medesimo periodo di riferimento, sono stati 212.266 (9.977 in meno rispetto al 2022 e 3.878 in pi\u00f9 rispetto al 2019).<\/p>\n\n\n\n<p>Nei porti di Cagliari, Olbia, Porto Torres e Golfo Aranci, nel periodo luglio-agosto 2023 si \u00e8 registrato un traffico complessivo (arrivi pi\u00f9 partenze) di 2.422.907 passeggeri (17.908 in pi\u00f9 rispetto al 2022 e 38.116 in pi\u00f9 rispetto al 2019). Gli sbarchi luglio-agosto 2023 sono stati (sempre con riferimento ai quattro scali portuali) 1.240.774 (8.117 in pi\u00f9 rispetto al 2022 e 19.139 in pi\u00f9 rispetto al 2019).<\/p>\n\n\n\n<p>\u00abAncora una volta i dati del traffico passeggeri e i volumi degli arrivi in Sardegna, nei due mesi di punta della stagione turistica, certificano un risultato mai ottenuto prima \u2013 ha dichiarato l\u2019assessore regionale dei Trasporti, Antonio Moro \u2013 superiore non soltanto allo scorso anno, ma anche a quello della stagione 2019\u00bb.<\/p>\n\n\n\n<p>\u00abNon nego criticit\u00e0 e disagi \u2013 ha spiegato l\u2019esponente della giunta della Sardegna - cos\u00ec come \u00e8 auspicabile un miglioramento complessivo dei servizi di trasporto sia aerei che navali, ma le mistificazioni e le strumentalizzazioni che continuiamo a registrare anche in queste ultime ore, non portano alcun beneficio alla Sardegna e tantomeno migliorano la qualit\u00e0 della vita nella nostra Isola, cos\u00ec come non fanno crescere le quote di quel diritto alla mobilit\u00e0 e alla continuit\u00e0 territoriale che a pi\u00f9 riprese \u00e8 invocata e della quale c\u2019\u00e8 ancora estremo bisogno\u00bb.<\/p>\n\n\n\n<p>\u00abAlla Sardegna serve, infatti, pi\u00f9 unit\u00e0 di popolo e di intenti \u2013 ha concluso Moro - per difendere quelle garanzie e quelle specificit\u00e0 derogatorie rispetto al libero mercato che con impegno e fatica, da pi\u00f9 di vent\u2019anni a questa parte, siamo riusciti ad ottenere, dallo Stato Italiano e dall\u2019Europa. Tutele che talvolta percepiamo come non del tutto sufficienti a compensare la nostra condizione insulare e che certamente meritano nuovi strumenti e una rinnovata collaborazione con il governo e con la commissione europea, per rafforzare e migliorare la rotta intrapresa nel verso dello sviluppo economico e della crescita sociale e culturale che, come \u00e8 noto, per la Sardegna, passa per lunghi tratti proprio dall\u2019efficienza dell\u2019intero sistema dei trasporti\u00bb. Com<\/p>\n","protected":false},"excerpt":{"rendered":"<p>Cagliari, 31 Ago 2023\u00a0&#8211; Dal 1 luglio al 30 agosto 2023 il traffico complessivo (arrivi e partenze) nei tre aeroporti e nei quattro porti della&#8230;<\/p>\n","protected":false},"author":2,"featured_media":229936,"comment_status":"closed","ping_status":"open","sticky":false,"template":"","format":"standard","meta":[],"categories":[49,52],"tags":[],"_links":{"self":[{"href":"https:\/\/www.cronacaonline.it\/index.php\/wp-json\/wp\/v2\/posts\/239659"}],"collection":[{"href":"https:\/\/www.cronacaonline.it\/index.php\/wp-json\/wp\/v2\/posts"}],"about":[{"href":"https:\/\/www.cronacaonline.it\/index.php\/wp-json\/wp\/v2\/types\/post"}],"author":[{"embeddable":true,"href":"https:\/\/www.cronacaonline.it\/index.php\/wp-json\/wp\/v2\/users\/2"}],"replies":[{"embeddable":true,"href":"https:\/\/www.cronacaonline.it\/index.php\/wp-json\/wp\/v2\/comments?post=239659"}],"version-history":[{"count":1,"href":"https:\/\/www.cronacaonline.it\/index.php\/wp-json\/wp\/v2\/posts\/239659\/revisions"}],"predecessor-version":[{"id":239660,"href":"https:\/\/www.cronacaonline.it\/index.php\/wp-json\/wp\/v2\/posts\/239659\/revisions\/239660"}],"wp:featuredmedia":[{"embeddable":true,"href":"https:\/\/www.cronacaonline.it\/index.php\/wp-json\/wp\/v2\/media\/229936"}],"wp:attachment":[{"href":"https:\/\/www.cronacaonline.it\/index.php\/wp-json\/wp\/v2\/media?parent=239659"}],"wp:term":[{"taxonomy":"category","embeddable":true,"href":"https:\/\/www.cronacaonline.it\/index.php\/wp-json\/wp\/v2\/categories?post=239659"},{"taxonomy":"post_tag","embeddable":true,"href":"https:\/\/www.cronacaonline.it\/index.php\/wp-json\/wp\/v2\/tags?post=239659"}],"curies":[{"name":"wp","href":"https:\/\/api.w.org\/{rel}","templated":true}]}}