{"id":239601,"date":"2023-08-29T17:41:56","date_gmt":"2023-08-29T15:41:56","guid":{"rendered":"https:\/\/www.cronacaonline.it\/?p=239601"},"modified":"2023-08-29T17:41:58","modified_gmt":"2023-08-29T15:41:58","slug":"emigrazione-riconosciuti-quattro-nuovi-circoli-dei-sardi-trieste-pordenone-gorizia-e-pescara-lassessore-lai-prosegue-limpegno-per-promuovere-e-consolidare-la-rete-degl","status":"publish","type":"post","link":"https:\/\/www.cronacaonline.it\/index.php\/2023\/08\/29\/emigrazione-riconosciuti-quattro-nuovi-circoli-dei-sardi-trieste-pordenone-gorizia-e-pescara-lassessore-lai-prosegue-limpegno-per-promuovere-e-consolidare-la-rete-degl\/","title":{"rendered":"Emigrazione. Riconosciuti quattro nuovi circoli dei sardi: Trieste, Pordenone, Gorizia e Pescara. L\u2019assessore Lai: \u201cprosegue l\u2019impegno per promuovere e consolidare la rete degli ambasciatori di Sardegna nel mondo\u201d."},"content":{"rendered":"\n<p>Cagliari, 29 Ago 2023 -\u00a0La Giunta Regionale, su proposta dell\u2019assessore del Lavoro Ada Lai, ha deliberato nell'ultima seduta,\u00a0il riconoscimento ufficiale di quattro circoli dei Sardi in Italia: tre in Friuli Venezia Giulia (Trieste Pordenone Gorizia) e uno in Abruzzo (Pescara). Si rafforza e consolida cos\u00ec la presenza dell\u2019emigrazione organizzata in Italia, valorizzando l\u2019impegno pluriennale profuso dalle organizzazioni dei sardi nel promuovere e diffondere i valori identitari della Sardegna attraverso l\u2019arte, la cultura, la tradizione e le espressioni pi\u00f9 significative della nostra Isola.<\/p>\n\n\n\n<p>I Circoli friulani, inizialmente facenti parte insieme a Udine e Tolmezzo dell\u2019Associazione regionale dei sardi in Friuli Venezia Giulia, voluta dal precursore e compianto paladino dell\u2019emigrazione sarda, don Francesco Alba, presidente dal maggio 1991 al gennaio 1994 della Lega Italiana dei Circoli degli Emigrati Sardi (LICES), hanno iniziato da tempo un percorso d\u2019autonomia delle proprie organizzazioni. Dopo Udine, che chiese e ottenne il riconoscimento nel 2011, ora \u00e8 la volta dei Circoli di Trieste, Pordenone e Gorizia che, di fatto, hanno operato come entit\u00e0 autonome fin dal 1977. Il riconoscimento da parte della Giunta Regionale giunge a sancire l\u2019importanza e la validit\u00e0 di tale percorso, consentendo cos\u00ec alle organizzazioni di poter disporre di un proprio contributo e di una propria autonomia amministrativa.<\/p>\n\n\n\n<p>Il Circolo \u201cDimonios\u201d di Pescara ha invece operato fin dal 2015 in due regioni, Abruzzo e Molise, affermando con il proprio impegno una visione strategica di ampliamento oltre i propri confini territoriali, giungendo ad ottenere significativi apprezzamenti e riconoscimenti da parte delle istituzioni e popolazioni locali.<\/p>\n\n\n\n<p>Soddisfatta l\u2019assessore del Lavoro Ada Lai: \u201cIl riconoscimento dei circoli dei Sardi in Friuli e in Abruzzo e Molise confermano la volont\u00e0, espressa anche nel corso della recente Conferenza dell\u2019Emigrazione, di valorizzare la passione e l\u2019impegno profusi dai nostri emigrati e al tempo stesso rafforzare la rete dell\u2019emigrazione organizzata in termini di valore aggiunto per la Sardegna e per la sua economia\u201d.<\/p>\n\n\n\n<p>Con quello di Trieste, Pordenone, Gorizia e Pescara giungono cos\u00ec a sette i Circoli riconosciuti ufficialmente nel corso di questa legislatura (dopo Varsavia in Polonia, Perugia in Italia e Patagonia in Argentina) per un totale di 116 circoli: 66 in Italia (compresi gli ultimi 4 riconosciuti), 19 in Europa e 31&nbsp;nel resto&nbsp;del&nbsp;mondo.<\/p>\n\n\n\n<p>\u201cQuesto conferma - aggiunge l\u2019esponente della Giunta sarda - l\u2019attenzione che la Regione riserva ai nostri conterranei in Italia e all\u2019estero, autentici \u2018ambasciatori di Sardegna\u2019, nella convinzione profonda che i valori espressi dalla vivacit\u00e0 e dalla creativit\u00e0 delle nostre comunit\u00e0 contribuiscono allo sviluppo sociale ed economico della nostra Isola&nbsp;nel rappresentare in Italia e nel mondo il vero volto della nostra Isola: solidale, accogliente e inclusiva. Oltre al riconoscimento della Giunta Regionale - conclude l\u2019Assessore Lai - sono stati gi\u00e0 firmati i decreti assessoriali che consentiranno alle nuove realt\u00e0 organizzate di accedere ai contributi della nostra Regione, la prima in Italia per stanziamento di risorse, e sentirsi a pieno titolo parte integrante di quella Sardegna diffusa che esprime l\u2019unit\u00e0, la passione e l\u2019orgoglio del popolo sardo\u201d.&nbsp;Com<\/p>\n","protected":false},"excerpt":{"rendered":"<p>Cagliari, 29 Ago 2023 &#8211;\u00a0La Giunta Regionale, su proposta dell\u2019assessore del Lavoro Ada Lai, ha deliberato nell&#8217;ultima seduta,\u00a0il riconoscimento ufficiale di quattro circoli dei Sardi&#8230;<\/p>\n","protected":false},"author":2,"featured_media":231370,"comment_status":"closed","ping_status":"open","sticky":false,"template":"","format":"standard","meta":[],"categories":[49,52],"tags":[],"_links":{"self":[{"href":"https:\/\/www.cronacaonline.it\/index.php\/wp-json\/wp\/v2\/posts\/239601"}],"collection":[{"href":"https:\/\/www.cronacaonline.it\/index.php\/wp-json\/wp\/v2\/posts"}],"about":[{"href":"https:\/\/www.cronacaonline.it\/index.php\/wp-json\/wp\/v2\/types\/post"}],"author":[{"embeddable":true,"href":"https:\/\/www.cronacaonline.it\/index.php\/wp-json\/wp\/v2\/users\/2"}],"replies":[{"embeddable":true,"href":"https:\/\/www.cronacaonline.it\/index.php\/wp-json\/wp\/v2\/comments?post=239601"}],"version-history":[{"count":1,"href":"https:\/\/www.cronacaonline.it\/index.php\/wp-json\/wp\/v2\/posts\/239601\/revisions"}],"predecessor-version":[{"id":239602,"href":"https:\/\/www.cronacaonline.it\/index.php\/wp-json\/wp\/v2\/posts\/239601\/revisions\/239602"}],"wp:featuredmedia":[{"embeddable":true,"href":"https:\/\/www.cronacaonline.it\/index.php\/wp-json\/wp\/v2\/media\/231370"}],"wp:attachment":[{"href":"https:\/\/www.cronacaonline.it\/index.php\/wp-json\/wp\/v2\/media?parent=239601"}],"wp:term":[{"taxonomy":"category","embeddable":true,"href":"https:\/\/www.cronacaonline.it\/index.php\/wp-json\/wp\/v2\/categories?post=239601"},{"taxonomy":"post_tag","embeddable":true,"href":"https:\/\/www.cronacaonline.it\/index.php\/wp-json\/wp\/v2\/tags?post=239601"}],"curies":[{"name":"wp","href":"https:\/\/api.w.org\/{rel}","templated":true}]}}