{"id":239593,"date":"2023-08-29T15:29:07","date_gmt":"2023-08-29T13:29:07","guid":{"rendered":"https:\/\/www.cronacaonline.it\/?p=239593"},"modified":"2023-08-29T15:29:11","modified_gmt":"2023-08-29T13:29:11","slug":"lavoro-assessore-ada-lai-al-via-i-cantieri-occupazionali-per-136-lavoratori-destinatari-di-procedura-di-licenziamento-collettivo","status":"publish","type":"post","link":"https:\/\/www.cronacaonline.it\/index.php\/2023\/08\/29\/lavoro-assessore-ada-lai-al-via-i-cantieri-occupazionali-per-136-lavoratori-destinatari-di-procedura-di-licenziamento-collettivo\/","title":{"rendered":"Lavoro. Assessore Ada Lai: Al via i cantieri occupazionali per 136 lavoratori destinatari di procedura di licenziamento collettivo."},"content":{"rendered":"\n<p>Cagliari, 29 Ago 2023 -\u00a0La Giunta Regionale, su proposta dell\u2019assessore del Lavoro, Ada Lai, ha stanziato ulteriori risorse, pari a \u20ac 796.085,94, per l\u2019attivazione di cantieri occupazionali dedicati agli ex dipendenti delle imprese Sardinia Green Island, Keller, Vesuvius, Ottana Polimeri e Ottana Energia, S&amp;B Olmedo, Sittel e Unilever, destinatari di procedura di licenziamento collettivo.<\/p>\n\n\n\n<p>\u201cLa salvaguardia dei posti di lavoro e la tutela della dignit\u00e0 di ogni persona sono le nostre priorit\u00e0 - dichiara l\u2019assessore del Lavoro - In un mondo del lavoro in grande sofferenza restituiamo un po\u2019 di speranza a 136 lavoratori e lavoratrici espulsi da anni dal mercato. Un segnale importante - aggiunge Lai - che conferma la volont\u00e0 della Regione di offrire opportunit\u00e0 di lavoro concrete in grado di coniugare le professionalit\u00e0 con le esigenze di tutela e prevenzione dei territori, valorizzando il patrimonio agricolo e forestale della Sardegna. Continuiamo a lavorare senza sosta per portare avanti interventi di questo tipo di politica attiva, che garantiscano la dignit\u00e0 del lavoro.\u201d<\/p>\n\n\n\n<p>L\u2019intervento fa seguito allo studio attuativo della Direzione della Protezione Civile, realizzato con il coinvolgimento degli Enti pubblici dei territori interessati e alla procedura esplorativa portata avanti dall\u2019Aspal per acquisire l\u2019effettiva disponibilit\u00e0 delle persone interessate alla misura. Le modalit\u00e0 attuative, approvate dalla Giunta regionale lo scorso mese di aprile, prevedono, in analogia con i cantieri del Programma LavoRAS per il 2023, l\u2019impiego nei cantieri per otto mesi per almeno 30 ore settimanali, la possibilit\u00e0 di affidamento diretto agli Enti locali e alle cooperative sociali di tipo B (mediante procedura di evidenza pubblica) comprese quelle del settore agricolo e forestale, attive nel settore ambientale e prevenzione del dissesto idrogeologico.<\/p>\n\n\n\n<p>\u201cIn tal modo - conclude l\u2019esponente della Giunta sarda - abbiamo&nbsp;operato nella direzione di una piena ottimizzazione delle risorse disponibili, evitando il mancato utilizzo, una scelta quanto mai necessaria quando si tratta di favorire l'occupazione e lo sviluppo locale\u201d.&nbsp;Com<\/p>\n","protected":false},"excerpt":{"rendered":"<p>Cagliari, 29 Ago 2023 &#8211;\u00a0La Giunta Regionale, su proposta dell\u2019assessore del Lavoro, Ada Lai, ha stanziato ulteriori risorse, pari a \u20ac 796.085,94, per l\u2019attivazione di&#8230;<\/p>\n","protected":false},"author":2,"featured_media":235953,"comment_status":"closed","ping_status":"open","sticky":false,"template":"","format":"standard","meta":[],"categories":[49,52],"tags":[],"_links":{"self":[{"href":"https:\/\/www.cronacaonline.it\/index.php\/wp-json\/wp\/v2\/posts\/239593"}],"collection":[{"href":"https:\/\/www.cronacaonline.it\/index.php\/wp-json\/wp\/v2\/posts"}],"about":[{"href":"https:\/\/www.cronacaonline.it\/index.php\/wp-json\/wp\/v2\/types\/post"}],"author":[{"embeddable":true,"href":"https:\/\/www.cronacaonline.it\/index.php\/wp-json\/wp\/v2\/users\/2"}],"replies":[{"embeddable":true,"href":"https:\/\/www.cronacaonline.it\/index.php\/wp-json\/wp\/v2\/comments?post=239593"}],"version-history":[{"count":1,"href":"https:\/\/www.cronacaonline.it\/index.php\/wp-json\/wp\/v2\/posts\/239593\/revisions"}],"predecessor-version":[{"id":239594,"href":"https:\/\/www.cronacaonline.it\/index.php\/wp-json\/wp\/v2\/posts\/239593\/revisions\/239594"}],"wp:featuredmedia":[{"embeddable":true,"href":"https:\/\/www.cronacaonline.it\/index.php\/wp-json\/wp\/v2\/media\/235953"}],"wp:attachment":[{"href":"https:\/\/www.cronacaonline.it\/index.php\/wp-json\/wp\/v2\/media?parent=239593"}],"wp:term":[{"taxonomy":"category","embeddable":true,"href":"https:\/\/www.cronacaonline.it\/index.php\/wp-json\/wp\/v2\/categories?post=239593"},{"taxonomy":"post_tag","embeddable":true,"href":"https:\/\/www.cronacaonline.it\/index.php\/wp-json\/wp\/v2\/tags?post=239593"}],"curies":[{"name":"wp","href":"https:\/\/api.w.org\/{rel}","templated":true}]}}