{"id":239479,"date":"2023-08-25T18:58:16","date_gmt":"2023-08-25T16:58:16","guid":{"rendered":"https:\/\/www.cronacaonline.it\/?p=239479"},"modified":"2023-08-25T18:58:17","modified_gmt":"2023-08-25T16:58:17","slug":"agricoltura-lotta-alle-cavallette-assessore-satta-plaude-alle-dichiarazione-dellentomologo-di-fama-internazionale-claudio-venturelli","status":"publish","type":"post","link":"https:\/\/www.cronacaonline.it\/index.php\/2023\/08\/25\/agricoltura-lotta-alle-cavallette-assessore-satta-plaude-alle-dichiarazione-dellentomologo-di-fama-internazionale-claudio-venturelli\/","title":{"rendered":"Agricoltura: lotta alle cavallette, assessore Satta plaude alle dichiarazione dell\u2019entomologo di fama internazionale, Claudio Venturelli."},"content":{"rendered":"\n<p>Cagliari, 25 Ago 2023 \u2013\u00a0La lotta alla cavallette che la Regione sta portando avanti funziona ed \u00e8 stata presa ad esempio dal noto entomologo, Claudio Venturelli che ha potuto visitare il Centro di controllo di Noragugume dove ha incontrato gli esperti di Laore e della Regione. La Sardegna ha una macchina organizzativa e operativa precisa e all\u2019avanguardia. Parole che sono state particolarmente apprezzate dall\u2019Assessore dell\u2019Agricoltura, Valeria Satta. \"Sono molto\u00a0soddisfatta delle parole dell'entomologo Venturelli che prende come esempio positivo e vincente l'organizzazione della Regione Sardegna sulla lotta alle cavallette, ha sottolineato l\u2019esponente della Giunta sarda\".<\/p>\n\n\n\n<p>\"Se Claudio Venturelli, entomologo nel Dipartimento di Sanit\u00e0 Pubblica dell'Ausl della Romagna e divulgatore scientifico su riviste nazionali e internazionali \u00e8 rimasto colpito dall'organizzazione della macchina Regionale, avendola anche personalmente visitata, non pu\u00f2 che farci provare grande soddisfazione, ribadisce l\u2019assessore Satta, dopo che anche la FAO, massima esperta mondiale si era complimentata per l'accuratezza lavoro\".<\/p>\n\n\n\n<p>\"Il gioco di squadra \u00e8 stato vincente e i risultati si sono presto visti. Continueremo con sinergia per combattere la piaga delle cavallette. Un nemico dei nostri agricoltori e allevatori sardi\".&nbsp;Com<\/p>\n","protected":false},"excerpt":{"rendered":"<p>Cagliari, 25 Ago 2023 \u2013\u00a0La lotta alla cavallette che la Regione sta portando avanti funziona ed \u00e8 stata presa ad esempio dal noto entomologo, Claudio&#8230;<\/p>\n","protected":false},"author":2,"featured_media":234750,"comment_status":"closed","ping_status":"open","sticky":false,"template":"","format":"standard","meta":[],"categories":[49,52],"tags":[],"_links":{"self":[{"href":"https:\/\/www.cronacaonline.it\/index.php\/wp-json\/wp\/v2\/posts\/239479"}],"collection":[{"href":"https:\/\/www.cronacaonline.it\/index.php\/wp-json\/wp\/v2\/posts"}],"about":[{"href":"https:\/\/www.cronacaonline.it\/index.php\/wp-json\/wp\/v2\/types\/post"}],"author":[{"embeddable":true,"href":"https:\/\/www.cronacaonline.it\/index.php\/wp-json\/wp\/v2\/users\/2"}],"replies":[{"embeddable":true,"href":"https:\/\/www.cronacaonline.it\/index.php\/wp-json\/wp\/v2\/comments?post=239479"}],"version-history":[{"count":1,"href":"https:\/\/www.cronacaonline.it\/index.php\/wp-json\/wp\/v2\/posts\/239479\/revisions"}],"predecessor-version":[{"id":239480,"href":"https:\/\/www.cronacaonline.it\/index.php\/wp-json\/wp\/v2\/posts\/239479\/revisions\/239480"}],"wp:featuredmedia":[{"embeddable":true,"href":"https:\/\/www.cronacaonline.it\/index.php\/wp-json\/wp\/v2\/media\/234750"}],"wp:attachment":[{"href":"https:\/\/www.cronacaonline.it\/index.php\/wp-json\/wp\/v2\/media?parent=239479"}],"wp:term":[{"taxonomy":"category","embeddable":true,"href":"https:\/\/www.cronacaonline.it\/index.php\/wp-json\/wp\/v2\/categories?post=239479"},{"taxonomy":"post_tag","embeddable":true,"href":"https:\/\/www.cronacaonline.it\/index.php\/wp-json\/wp\/v2\/tags?post=239479"}],"curies":[{"name":"wp","href":"https:\/\/api.w.org\/{rel}","templated":true}]}}