{"id":239475,"date":"2023-08-25T15:54:03","date_gmt":"2023-08-25T13:54:03","guid":{"rendered":"https:\/\/www.cronacaonline.it\/?p=239475"},"modified":"2023-08-25T15:54:06","modified_gmt":"2023-08-25T13:54:06","slug":"aerei-e-navi-traffico-record-negli-aeroporti-e-nei-porti-sardi-anche-nella-settimana-del-ferragosto","status":"publish","type":"post","link":"https:\/\/www.cronacaonline.it\/index.php\/2023\/08\/25\/aerei-e-navi-traffico-record-negli-aeroporti-e-nei-porti-sardi-anche-nella-settimana-del-ferragosto\/","title":{"rendered":"Aerei e navi: traffico record negli aeroporti e nei porti sardi anche nella settimana del ferragosto."},"content":{"rendered":"\n<p>Cagliari, 25 Ago 2023\u00a0- I dati del traffico passeggeri negli scali aeroportuali e nei porti della Sardegna, confermano la crescita gi\u00e0 registrata nello scorso mese di luglio, anche in riferimento al 2022 e alla stagione record del 2019.<\/p>\n\n\n\n<p>Dal 12 agosto al 20 agosto 2023 il traffico aereo complessivo nei tre aeroporti sardi \u00e8 stato di 458.497 passeggeri (Cagliari, 184.064; Olbia, 213.510; Alghero, 60.923) nello stesso periodo del 2022 era stato di 442.528 mentre nel 2019 era di 433.093. Gli arrivi (dal 12 al 20 agosto 2023) sono stati complessivamente 221.822 (Cagliari, 89.590; Olbia 102.812, Alghero, 29.420). Nello stesso periodo del 2022 gli arrivi si erano fermati a 209.415 e nel 2019 erano stati 215.453.<\/p>\n\n\n\n<p>Se al dato del traffico aereo della settimana clou della stagione estiva, si aggiungono i dati dei quattro porti sardi si ha ancora pi\u00f9 chiara la dimensione dei volumi sviluppati in Sardegna. Dal 12 al 20 agosto dell\u2019anno in corso il numero complessivo di passeggeri transitati nelle banchine dell\u2019Isola (solo navi passeggeri ed esclusi croceristi e yacht) \u00e8 stato di 432.040. Nel solo porto di Olbia si \u00e8 registrato un traffico pari a 278.954 con 131.768 arrivi; a Porto Torres, il traffico \u00e8 stato di 86.190 passeggeri con 40.296 arrivi; a Golfo Aranci 48.209 con 22.294 sbarchi e a Cagliari 18.687 con 10.481 arrivi. Nello stesso periodo del 2022, il traffico complessivo si era fermato a 424.876 passeggeri con 194.280 sbarchi.<\/p>\n\n\n\n<p>Se si somma il traffico aereo complessivo con quello delle navi, nel periodo 12-20 agosto 2023 si raggiunge dunque la cifra di 890.537 con 426.651 passeggeri in arrivo, contro 867.404 e 403.695 arrivi nel 2022.<\/p>\n\n\n\n<p>\u00abI numeri, prima ancora delle parole \u2013 ha dichiarato l\u2019assessore dei Trasporti, Antonio Moro \u2013 rendono merito agli sforzi e all\u2019impegno profusi dall\u2019amministrazione regionale per garantire il maggior numero di collegamenti possibili, tali da soddisfare le esigenze di mobilit\u00e0 dei sardi e le legittime attese del comparto turistico\u00bb.<\/p>\n\n\n\n<p>\u00abNell\u2019occasione \u2013 ha concluso l\u2019assessore Moro \u2013 mi preme, pur senza disconoscere problematiche e criticit\u00e0, evidenziare l\u2019impegno delle compagnie aeree dei servizi della continuit\u00e0 (i collegamenti da e per i tre aeroporti sardi con Milano-Linate e Roma-Fiumicino) nell\u2019implementazione del numero dei voli tra la Sardegna e il Continente. Si consideri che la compagnia Ita nel periodo dal 3 al 29 agosto 2023 ha programmato 81 collegamenti aggiuntivi (69 nuovi voli e 12 aeromobili di capacit\u00e0 superiore) sulle rotte Cagliari-Roma, Cagliari-Milano e Alghero-Milano, mentre Aeroitalia, con il posizionamento di un vettore aggiuntivo nello scalo di Olbia, ha potuto fare fronte alla maggiore domanda di trasporto sulle rotte Alghero-Roma, Olbia-Roma e Olbia-Milano\u00bb. Com<\/p>\n","protected":false},"excerpt":{"rendered":"<p>Cagliari, 25 Ago 2023\u00a0&#8211; I dati del traffico passeggeri negli scali aeroportuali e nei porti della Sardegna, confermano la crescita gi\u00e0 registrata nello scorso mese&#8230;<\/p>\n","protected":false},"author":2,"featured_media":238492,"comment_status":"closed","ping_status":"open","sticky":false,"template":"","format":"standard","meta":[],"categories":[49,52],"tags":[],"_links":{"self":[{"href":"https:\/\/www.cronacaonline.it\/index.php\/wp-json\/wp\/v2\/posts\/239475"}],"collection":[{"href":"https:\/\/www.cronacaonline.it\/index.php\/wp-json\/wp\/v2\/posts"}],"about":[{"href":"https:\/\/www.cronacaonline.it\/index.php\/wp-json\/wp\/v2\/types\/post"}],"author":[{"embeddable":true,"href":"https:\/\/www.cronacaonline.it\/index.php\/wp-json\/wp\/v2\/users\/2"}],"replies":[{"embeddable":true,"href":"https:\/\/www.cronacaonline.it\/index.php\/wp-json\/wp\/v2\/comments?post=239475"}],"version-history":[{"count":1,"href":"https:\/\/www.cronacaonline.it\/index.php\/wp-json\/wp\/v2\/posts\/239475\/revisions"}],"predecessor-version":[{"id":239476,"href":"https:\/\/www.cronacaonline.it\/index.php\/wp-json\/wp\/v2\/posts\/239475\/revisions\/239476"}],"wp:featuredmedia":[{"embeddable":true,"href":"https:\/\/www.cronacaonline.it\/index.php\/wp-json\/wp\/v2\/media\/238492"}],"wp:attachment":[{"href":"https:\/\/www.cronacaonline.it\/index.php\/wp-json\/wp\/v2\/media?parent=239475"}],"wp:term":[{"taxonomy":"category","embeddable":true,"href":"https:\/\/www.cronacaonline.it\/index.php\/wp-json\/wp\/v2\/categories?post=239475"},{"taxonomy":"post_tag","embeddable":true,"href":"https:\/\/www.cronacaonline.it\/index.php\/wp-json\/wp\/v2\/tags?post=239475"}],"curies":[{"name":"wp","href":"https:\/\/api.w.org\/{rel}","templated":true}]}}