{"id":239427,"date":"2023-08-24T15:24:02","date_gmt":"2023-08-24T13:24:02","guid":{"rendered":"https:\/\/www.cronacaonline.it\/?p=239427"},"modified":"2023-08-24T15:24:05","modified_gmt":"2023-08-24T13:24:05","slug":"monte-pino-incontro-regione-provincia-di-sassari-gli-assessori-saiu-e-fasolino-priorita-alla-riapertura-della-strada-nei-tempi-piu-rapidi","status":"publish","type":"post","link":"https:\/\/www.cronacaonline.it\/index.php\/2023\/08\/24\/monte-pino-incontro-regione-provincia-di-sassari-gli-assessori-saiu-e-fasolino-priorita-alla-riapertura-della-strada-nei-tempi-piu-rapidi\/","title":{"rendered":"Monte pino, incontro Regione-Provincia di Sassari. Gli assessori Saiu e Fasolino: \u201cpriorit\u00e0 alla riapertura della strada nei tempi pi\u00f9 rapidi\u201d."},"content":{"rendered":"\n<p>Cagliari, 24 Ago 2023\u00a0\u2013 La priorit\u00e0 \u00e8 riaprire al traffico la strada di Monte Pino nel pi\u00f9 breve tempo possibile. Questo, in sintesi, il punto fermo al centro dell\u2019incontro convocato questa mattina in Regione dall\u2019assessore ai Lavori pubblici, Pierluigi Saiu, e al quale hanno partecipato il commissario della Provincia di Sassari, Pietro Fois, e il sub commissario, Pietro Carzedda. \u201cSi va avanti sull\u2019ipotesi progettuale pi\u00f9 veloce. La Provincia, chiamata a realizzare l\u2019intervento dopo che Anas avr\u00e0 ultimato i lavori nella parte di propria competenza, \u00e8 gi\u00e0 destinataria di un finanziamento di 6,5 milioni di euro\u201d, dichiara l\u2019assessore dei Lavori Pubblici, Pierluigi Saiu. Risorse che la Regione \u00e8 pronta a integrare. Sulle coperture l\u2019assessore regionale del Bilancio, Giuseppe Fasolino, rassicura: \u201cDa parte nostra, cos\u00ec come ribadito in altre occasioni, c\u2019\u00e8 l\u2019assoluto impegno a reperire ulteriori fondi qualora fosse necessario incrementare quelli gi\u00e0 disponibili. C\u2019\u00e8 la pi\u00f9 completa attenzione per portare a compimento un\u2019opera viaria importante per il territorio gi\u00e0 colpito duramente dagli eventi alluvionali di dieci anni fa. L\u2019unica cosa che conta \u00e8 la riapertura della strada in tempi brevi e per arrivare a questo obiettivo deve essere messo in campo ogni strumento\u201d.<\/p>\n\n\n\n<p>Nessun dubbio sulle coperture finanziarie, quindi: \u201cMa occorre un progetto \u2013 sottolinea l\u2019assessore Saiu \u2013 ed \u00e8 su questo che abbiamo chiesto all\u2019amministrazione provinciale di accelerare i tempi. In questo senso abbiamo concordato la costituzione di uno specifico tavolo di sorveglianza sul rispetto del cronoprogramma. Ho chiesto infatti alla Provincia di produrre un piano dettagliato con i prossimi passaggi e i termini entro i quali verranno realizzati, cos\u00ec da poter effettuare un monitoraggio preciso. Bisogna lavorare con impegno e senza altri proclami. Si vada avanti sull\u2019alternativa progettuale che consenta l\u2019avvio dei lavori da parte della Provincia nel pi\u00f9 breve tempo possibile cos\u00ec da poter restituire ai cittadini un\u2019arteria viaria sicura e funzionale alle necessit\u00e0 di un territorio che ha atteso fin troppo a lungo\u201d.&nbsp;Com<\/p>\n","protected":false},"excerpt":{"rendered":"<p>Cagliari, 24 Ago 2023\u00a0\u2013 La priorit\u00e0 \u00e8 riaprire al traffico la strada di Monte Pino nel pi\u00f9 breve tempo possibile. Questo, in sintesi, il punto&#8230;<\/p>\n","protected":false},"author":2,"featured_media":232437,"comment_status":"closed","ping_status":"open","sticky":false,"template":"","format":"standard","meta":[],"categories":[49,52],"tags":[],"_links":{"self":[{"href":"https:\/\/www.cronacaonline.it\/index.php\/wp-json\/wp\/v2\/posts\/239427"}],"collection":[{"href":"https:\/\/www.cronacaonline.it\/index.php\/wp-json\/wp\/v2\/posts"}],"about":[{"href":"https:\/\/www.cronacaonline.it\/index.php\/wp-json\/wp\/v2\/types\/post"}],"author":[{"embeddable":true,"href":"https:\/\/www.cronacaonline.it\/index.php\/wp-json\/wp\/v2\/users\/2"}],"replies":[{"embeddable":true,"href":"https:\/\/www.cronacaonline.it\/index.php\/wp-json\/wp\/v2\/comments?post=239427"}],"version-history":[{"count":1,"href":"https:\/\/www.cronacaonline.it\/index.php\/wp-json\/wp\/v2\/posts\/239427\/revisions"}],"predecessor-version":[{"id":239428,"href":"https:\/\/www.cronacaonline.it\/index.php\/wp-json\/wp\/v2\/posts\/239427\/revisions\/239428"}],"wp:featuredmedia":[{"embeddable":true,"href":"https:\/\/www.cronacaonline.it\/index.php\/wp-json\/wp\/v2\/media\/232437"}],"wp:attachment":[{"href":"https:\/\/www.cronacaonline.it\/index.php\/wp-json\/wp\/v2\/media?parent=239427"}],"wp:term":[{"taxonomy":"category","embeddable":true,"href":"https:\/\/www.cronacaonline.it\/index.php\/wp-json\/wp\/v2\/categories?post=239427"},{"taxonomy":"post_tag","embeddable":true,"href":"https:\/\/www.cronacaonline.it\/index.php\/wp-json\/wp\/v2\/tags?post=239427"}],"curies":[{"name":"wp","href":"https:\/\/api.w.org\/{rel}","templated":true}]}}