{"id":239129,"date":"2023-08-12T15:58:40","date_gmt":"2023-08-12T13:58:40","guid":{"rendered":"https:\/\/www.cronacaonline.it\/?p=239129"},"modified":"2023-08-12T15:58:42","modified_gmt":"2023-08-12T13:58:42","slug":"neuropsichiatria-infantile-in-sardegna-carla-cuccu-idea-sardegna-gravi-preoccupazioni-sulla-situazione-attuale","status":"publish","type":"post","link":"https:\/\/www.cronacaonline.it\/index.php\/2023\/08\/12\/neuropsichiatria-infantile-in-sardegna-carla-cuccu-idea-sardegna-gravi-preoccupazioni-sulla-situazione-attuale\/","title":{"rendered":"Neuropsichiatria infantile in Sardegna: Carla Cuccu (Idea Sardegna)\u2018 gravi preoccupazioni sulla situazione attuale&#8217;."},"content":{"rendered":"\n<p>Cagliari, 12 Ago 2023 \u2013 \u201cHo inviato un'interrogazione al Presidente della Regione Sardegna e all'Assessore Doria, chiedendo una risposta scritta per approfondire la delicata situazione della Neuropsichiatria Infantile nella nostra regione\u201d.<\/p>\n\n\n\n<p>\u201cLa Neuropsichiatria Infantile rappresenta un settore cruciale per la salute mentale dei giovani, ma attualmente sta affrontando gravi difficolt\u00e0 nell'organizzazione dei servizi e nella gestione delle prestazioni. Il Sistema Informativo per la Salute Mentale (SISM), strumento utilizzato a livello nazionale per monitorare gli interventi sanitari e socio-sanitari, \u00e8 al centro di una controversia che ha suscitato preoccupazione tra i medici e le famiglie coinvolte nei problemi di salute mentale\u201d. Evidenzia Carla Cuccu, la consigliera regionale di Idea Sardegna Alleanza Civica Identitaria, segretaria della commissione sanit\u00e0.<br>Nel mese di luglio, la Regione Autonoma della Sardegna ha presentato una nota che ha suscitato disapprovazione tra gli operatori sanitari e le famiglie interessate. Questa nota sollecita l'implementazione delle prestazioni di Neuropsichiatria Infantile sulla piattaforma SISM, nonostante il Ministero della Salute abbia escluso l'utilizzo di questa piattaforma per la Neuropsichiatria Infantile.<\/p>\n\n\n\n<p>\u201cLa situazione attuale dei servizi di Neuropsichiatria Infantile impedisce un accesso diretto ai pazienti, con il rischio concreto di un collasso imminente dei servizi stessi. Inoltre, alcuni Dipartimenti di Salute Mentale hanno inoltrato la nota senza fornire istruzioni concrete su come attuarla nella pratica quotidiana, creando ulteriori incertezze\u201d.<\/p>\n\n\n\n<p>\u201cIl disagio psichico nei giovani \u00e8 in costante aumento, e i reparti e i servizi territoriali di Neuropsichiatria Infantile sono gi\u00e0 ora sovraccarichi, con liste d'attesa che superano spesso i dodici mesi. Questa situazione richiede interventi immediati per garantire che questi servizi diventino altamente funzionali ed efficienti\u201d.<\/p>\n\n\n\n<p>\u201cSorge poi il timore che dietro le recenti disposizioni vi sia l'intenzione di ristrutturare la Neuropsichiatria Infantile, adattandola al modello dei servizi per adulti, senza tener conto delle peculiarit\u00e0 e delle esigenze dei giovani pazienti. Questo sarebbe gravissimo perch\u00e9 non si pu\u00f2 assolutamente portare il modello e i servizi degli adulti in un mondo specifico e specialistico come quello dei minori\u201d.<\/p>\n\n\n\n<p>\u201cVoglio capire in che modo la Regione intenda affrontare le sfide specifiche legate ai minori e alle loro problematiche, evitando di adottare strumenti organizzativi e clinici che potrebbero rivelarsi inadeguati o dannosi. La salute mentale dei giovani sardi \u00e8 una priorit\u00e0 assoluta, ed \u00e8 necessario adottare misure appropriate per garantire loro un trattamento adeguato e mirato\u201d. Com<\/p>\n","protected":false},"excerpt":{"rendered":"<p>Cagliari, 12 Ago 2023 \u2013 \u201cHo inviato un&#8217;interrogazione al Presidente della Regione Sardegna e all&#8217;Assessore Doria, chiedendo una risposta scritta per approfondire la delicata situazione&#8230;<\/p>\n","protected":false},"author":2,"featured_media":233830,"comment_status":"closed","ping_status":"open","sticky":false,"template":"","format":"standard","meta":[],"categories":[49,52],"tags":[],"_links":{"self":[{"href":"https:\/\/www.cronacaonline.it\/index.php\/wp-json\/wp\/v2\/posts\/239129"}],"collection":[{"href":"https:\/\/www.cronacaonline.it\/index.php\/wp-json\/wp\/v2\/posts"}],"about":[{"href":"https:\/\/www.cronacaonline.it\/index.php\/wp-json\/wp\/v2\/types\/post"}],"author":[{"embeddable":true,"href":"https:\/\/www.cronacaonline.it\/index.php\/wp-json\/wp\/v2\/users\/2"}],"replies":[{"embeddable":true,"href":"https:\/\/www.cronacaonline.it\/index.php\/wp-json\/wp\/v2\/comments?post=239129"}],"version-history":[{"count":1,"href":"https:\/\/www.cronacaonline.it\/index.php\/wp-json\/wp\/v2\/posts\/239129\/revisions"}],"predecessor-version":[{"id":239130,"href":"https:\/\/www.cronacaonline.it\/index.php\/wp-json\/wp\/v2\/posts\/239129\/revisions\/239130"}],"wp:featuredmedia":[{"embeddable":true,"href":"https:\/\/www.cronacaonline.it\/index.php\/wp-json\/wp\/v2\/media\/233830"}],"wp:attachment":[{"href":"https:\/\/www.cronacaonline.it\/index.php\/wp-json\/wp\/v2\/media?parent=239129"}],"wp:term":[{"taxonomy":"category","embeddable":true,"href":"https:\/\/www.cronacaonline.it\/index.php\/wp-json\/wp\/v2\/categories?post=239129"},{"taxonomy":"post_tag","embeddable":true,"href":"https:\/\/www.cronacaonline.it\/index.php\/wp-json\/wp\/v2\/tags?post=239129"}],"curies":[{"name":"wp","href":"https:\/\/api.w.org\/{rel}","templated":true}]}}