{"id":239057,"date":"2023-08-10T05:15:11","date_gmt":"2023-08-10T03:15:11","guid":{"rendered":"https:\/\/www.cronacaonline.it\/?p=239057"},"modified":"2023-08-10T05:15:14","modified_gmt":"2023-08-10T03:15:14","slug":"dichiarazione-di-silvio-lai-deputato-pd-della-commissione-bilancio","status":"publish","type":"post","link":"https:\/\/www.cronacaonline.it\/index.php\/2023\/08\/10\/dichiarazione-di-silvio-lai-deputato-pd-della-commissione-bilancio\/","title":{"rendered":"Dichiarazione di Silvio Lai, deputato PD della Commissione Bilancio."},"content":{"rendered":"\n<p>Cagliari, 10 Ago 2023 - Le dichiarazioni del ministro Urso e quelle del CEO di Ryanair Wilson fanno venire pi\u00f9 di un dubbio sulla discussione avvenuta tra governo e compagnie aeree. In particolare le parole sprezzanti di Wilson sono inaccettabili sotto ogni punto di vista, e spero vivamente che non abbia ragione sull\u2019impatto del decreto sulle norme UE. Confido che l\u2019iniziativa assunta dal Governo sulla scorrettezza dell\u2019attivit\u00e0 delle compagnie aeree in merito agli aumenti dei biglietti aerei su Sardegna e Sicilia sia stata verificata in sede europea e nelle opportune sedi di legittimit\u00e0 prima di essere messa nero su bianco su un decreto. Se cos\u00ec non fosse e le pesanti parole di Wilson si basassero non solo sull\u2018arroganza della compagnia aerea ma su una valutazione errata dello strumento attivato sarebbe davvero grave. Noi tifiamo per l\u2018Italia ovviamente ma \u00e8 bene sottolineare che governare il Paese non \u00e8 un gioco per incompetenti e non vorremmo trovarci in questa situazione. La beffa in quel caso sarebbe pi\u00f9 nefasta del danno.<\/p>\n","protected":false},"excerpt":{"rendered":"<p>Cagliari, 10 Ago 2023 &#8211; Le dichiarazioni del ministro Urso e quelle del CEO di Ryanair Wilson fanno venire pi\u00f9 di un dubbio sulla discussione&#8230;<\/p>\n","protected":false},"author":2,"featured_media":140698,"comment_status":"closed","ping_status":"open","sticky":false,"template":"","format":"standard","meta":[],"categories":[49,52],"tags":[],"_links":{"self":[{"href":"https:\/\/www.cronacaonline.it\/index.php\/wp-json\/wp\/v2\/posts\/239057"}],"collection":[{"href":"https:\/\/www.cronacaonline.it\/index.php\/wp-json\/wp\/v2\/posts"}],"about":[{"href":"https:\/\/www.cronacaonline.it\/index.php\/wp-json\/wp\/v2\/types\/post"}],"author":[{"embeddable":true,"href":"https:\/\/www.cronacaonline.it\/index.php\/wp-json\/wp\/v2\/users\/2"}],"replies":[{"embeddable":true,"href":"https:\/\/www.cronacaonline.it\/index.php\/wp-json\/wp\/v2\/comments?post=239057"}],"version-history":[{"count":1,"href":"https:\/\/www.cronacaonline.it\/index.php\/wp-json\/wp\/v2\/posts\/239057\/revisions"}],"predecessor-version":[{"id":239058,"href":"https:\/\/www.cronacaonline.it\/index.php\/wp-json\/wp\/v2\/posts\/239057\/revisions\/239058"}],"wp:featuredmedia":[{"embeddable":true,"href":"https:\/\/www.cronacaonline.it\/index.php\/wp-json\/wp\/v2\/media\/140698"}],"wp:attachment":[{"href":"https:\/\/www.cronacaonline.it\/index.php\/wp-json\/wp\/v2\/media?parent=239057"}],"wp:term":[{"taxonomy":"category","embeddable":true,"href":"https:\/\/www.cronacaonline.it\/index.php\/wp-json\/wp\/v2\/categories?post=239057"},{"taxonomy":"post_tag","embeddable":true,"href":"https:\/\/www.cronacaonline.it\/index.php\/wp-json\/wp\/v2\/tags?post=239057"}],"curies":[{"name":"wp","href":"https:\/\/api.w.org\/{rel}","templated":true}]}}