{"id":239028,"date":"2023-08-09T11:19:48","date_gmt":"2023-08-09T09:19:48","guid":{"rendered":"https:\/\/www.cronacaonline.it\/?p=239028"},"modified":"2023-08-09T11:19:51","modified_gmt":"2023-08-09T09:19:51","slug":"emergenza-psicologi-nella-asl-ogliastra-carla-cuccu-idea-sardegna-necessarie-azioni-immediate","status":"publish","type":"post","link":"https:\/\/www.cronacaonline.it\/index.php\/2023\/08\/09\/emergenza-psicologi-nella-asl-ogliastra-carla-cuccu-idea-sardegna-necessarie-azioni-immediate\/","title":{"rendered":"Emergenza psicologi nella Asl Ogliastra, Carla Cuccu (Idea Sardegna) \u2018necessarie azioni immediate\u2019"},"content":{"rendered":"\n<p>Cagliari, 9 Ago 2023 \u2013 \u201cLa situazione degli psicologi presso la ASL Ogliastra \u00e8 diventata critica e richiede un intervento tempestivo. A rischio ci sono tantissimi pazienti e situazioni familiari complesse\u201d.<\/p>\n\n\n\n<p>\u201cI servizi di Neuropsichiatria, Csm, Serd e Consultorio stanno operando con personale ridotto al minimo, mettendo a rischio l'efficienza e la qualit\u00e0 dell'assistenza erogata.<br>Per garantire un servizio ottimale sarebbe necessario incrementare il personale di almeno 6 figure rispetto all'attuale organico\u201d, evidenzia Carla Cuccu, la consigliera regionale di Idea Sardegna Alleanza Civica Identitaria, segretaria della commissione sanit\u00e0.<br>Cresce l'attesa e la preoccupazione per l'imminente inizio del nuovo anno scolastico. Si \u00e8 appreso che potrebbe essere lanciata una selezione per posti di psicologi e psicoterapeuti con specializzazioni specifiche ed esperienza in almeno due aree di intervento. Queste competenze sono vitali per affrontare le sfide dell'area 6-18 anni, fornendo interventi di prevenzione nelle scuole e avvicinamento ai servizi di psicologia.<\/p>\n\n\n\n<p>\u201cLa lunga lista d'attesa attualmente esistente, caratterizzata da situazioni familiari complesse e drammatiche, necessita di una soluzione urgente. Con l'inizio delle lezioni a settembre, l'eventualit\u00e0 di un ulteriore allungamento delle liste d'attesa rischia di avere impatti significativi sia sul sistema scolastico che sui servizi sociali\u201d.<\/p>\n\n\n\n<p>\u201cIn questa situazione di emergenza, ho voluto interrogare il presidente della Sardegna e l'Assessore dell'Igiene e Sanit\u00e0 nonch\u00e9 dell'Assistenza Sociale, rivolgendo alcune domande ed evidenziando la criticit\u00e0 della situazione. Esiste l'intenzione reale di portare avanti il bando dell'anno passato per il reclutamento di psicologi e psicoterapeuti?\u201d<\/p>\n\n\n\n<p>\u201cLa situazione richiede un intervento immediato e coordinato da parte delle autorit\u00e0 sanitarie e amministrative. \u00c8 necessario garantire il benessere psicologico dei cittadini, in particolare dei pi\u00f9 giovani. Sappiamo tutti dei grandissimi problemi sociali che questi ultimi hanno avuto a seguito della Pandemia\u201d.<\/p>\n\n\n\n<p>\u201cL\u2019obiettivo \u00e8 avere risposte immediate ed un piano d\u2019azione entro Settembre, per cercare di migliorare la situazione della Asl Ogliastra, in collaborazione con le sigle sindacali e con tutta la struttura aziendale\u201d. Com<\/p>\n","protected":false},"excerpt":{"rendered":"<p>Cagliari, 9 Ago 2023 \u2013 \u201cLa situazione degli psicologi presso la ASL Ogliastra \u00e8 diventata critica e richiede un intervento tempestivo. A rischio ci sono&#8230;<\/p>\n","protected":false},"author":2,"featured_media":236153,"comment_status":"closed","ping_status":"open","sticky":false,"template":"","format":"standard","meta":[],"categories":[49,52],"tags":[],"_links":{"self":[{"href":"https:\/\/www.cronacaonline.it\/index.php\/wp-json\/wp\/v2\/posts\/239028"}],"collection":[{"href":"https:\/\/www.cronacaonline.it\/index.php\/wp-json\/wp\/v2\/posts"}],"about":[{"href":"https:\/\/www.cronacaonline.it\/index.php\/wp-json\/wp\/v2\/types\/post"}],"author":[{"embeddable":true,"href":"https:\/\/www.cronacaonline.it\/index.php\/wp-json\/wp\/v2\/users\/2"}],"replies":[{"embeddable":true,"href":"https:\/\/www.cronacaonline.it\/index.php\/wp-json\/wp\/v2\/comments?post=239028"}],"version-history":[{"count":1,"href":"https:\/\/www.cronacaonline.it\/index.php\/wp-json\/wp\/v2\/posts\/239028\/revisions"}],"predecessor-version":[{"id":239029,"href":"https:\/\/www.cronacaonline.it\/index.php\/wp-json\/wp\/v2\/posts\/239028\/revisions\/239029"}],"wp:featuredmedia":[{"embeddable":true,"href":"https:\/\/www.cronacaonline.it\/index.php\/wp-json\/wp\/v2\/media\/236153"}],"wp:attachment":[{"href":"https:\/\/www.cronacaonline.it\/index.php\/wp-json\/wp\/v2\/media?parent=239028"}],"wp:term":[{"taxonomy":"category","embeddable":true,"href":"https:\/\/www.cronacaonline.it\/index.php\/wp-json\/wp\/v2\/categories?post=239028"},{"taxonomy":"post_tag","embeddable":true,"href":"https:\/\/www.cronacaonline.it\/index.php\/wp-json\/wp\/v2\/tags?post=239028"}],"curies":[{"name":"wp","href":"https:\/\/api.w.org\/{rel}","templated":true}]}}