{"id":238916,"date":"2023-08-04T16:12:59","date_gmt":"2023-08-04T14:12:59","guid":{"rendered":"https:\/\/www.cronacaonline.it\/?p=238916"},"modified":"2023-08-04T16:13:02","modified_gmt":"2023-08-04T14:13:02","slug":"aumento-posti-al-concorso-in-medicina-a-sassari-soddisfazione-del-deputato-silvio-lai-pd","status":"publish","type":"post","link":"https:\/\/www.cronacaonline.it\/index.php\/2023\/08\/04\/aumento-posti-al-concorso-in-medicina-a-sassari-soddisfazione-del-deputato-silvio-lai-pd\/","title":{"rendered":"Aumento posti al concorso in medicina a Sassari: soddisfazione del Deputato Silvio Lai\u00a0(PD)."},"content":{"rendered":"\n<p>Sassari, 4 Ago 2023 \u2013 \u201cNegli ultimi 2 anni si era avviato uno sforzo organizzativo da parte delle universit\u00e0 italiane per un graduale aumento del numero degli studenti ammessi in medicina che arriva al massimo sforzo nel passaggio da 14.000 (erano 11.000 nel 2019 con il governo giallo verde) a 19.000 posti per il primo anno nel 2023-24\u201d. Lo afferma in una nota il parlamentare dem Silvio Lai dopo l\u2019emanazione del decreto\u00a0del Ministro dell\u2019Universit\u00e0 Bernini.<\/p>\n\n\n\n<p>\u201cSi tratta di uno sforzo comune del sistema accademico italiano che aumenta di oltre un quarto gli allievi potenziali futuri medici ma occorre ricordarsi che in Italia sono carenti soprattutto le posizioni di infermieri e professioni sanitarie sulle quali sono le Regioni a fare la programmazione con le Universit\u00e0 alle quali occorre chiedere un uguale sforzo,&nbsp;in particolare per la formazione infermieristica. Peraltro con una interrogazione parlamentare abbiamo chiesto alla ministra dell\u2019Universit\u00e0 di vigilare perch\u00e9 l\u2019aumento dei posti in medicina non porti ad una riduzione (a causa di scarsi investimenti sul personale docente o per la dimensione di alcuni piccoli atenei del mezzogiorno) della disponibilit\u00e0 negli altri corsi di laurea dei dipartimenti sanitari\u201d.<\/p>\n\n\n\n<p>\u201cIn Sardegna,&nbsp;infatti dalla prima pubblicazione dei corsi di laurea in medicina,&nbsp;odontoiatria,&nbsp;scienze infermieristiche e nelle professioni sanitarie, emerge che all\u2019aumento dei posti in medicina, avvenuto come in tutto il resto d\u2019Italia, parrebbe&nbsp;non&nbsp;corrispondere&nbsp;uno&nbsp;sforzo&nbsp;proporzionale&nbsp;in&nbsp;scienze&nbsp;infermieristiche,&nbsp;professione&nbsp;che&nbsp;in&nbsp;Sardegna&nbsp;richiede oltre 6000 nuovi infermieri solo nel sistema pubblico e per il quale occorre pensare ad una straordinariet\u00e0 di&nbsp;impegno.<\/p>\n\n\n\n<p>Su Sassari spiace scoprire che invece dopo una storia ininterrotta di 40 anni (dal 1984) non partirebbe il primo anno del corso di laurea in odontoiatria, che sar\u00e0 presente solo a Cagliari, e questo nonostante sia accertata in Italia una carenza&nbsp;anche&nbsp;in&nbsp;quella&nbsp;specialit\u00e0&nbsp;sanitaria,&nbsp;a&nbsp;discapito&nbsp;poi&nbsp;della&nbsp;concorrenza&nbsp;di&nbsp;sistema&nbsp;e&nbsp;della&nbsp;proporzione&nbsp;tra&nbsp;medico e popolazione residente, definita dai parametri UE.<\/p>\n\n\n\n<p>Insomma - conclude il deputato dem - a precisare quanto dichiarato in questi due giorni da diversi esponenti accademici,&nbsp;tutte le universit\u00e0 italiane hanno partecipato ad uno sforzo comune per il Paese e l\u2019universit\u00e0 di Sassari come quella di Cagliari sul numero di posti in medicina hanno fatto semplicemente la loro parte. Spiace invece la chiusura (cosa non avvenuta in nessuna altra universit\u00e0 italiana) di un corso di laurea, quello in odontoiatria che esisteva da 40 anni, che se anche fosse temporaneo, non \u00e8 un bel segnale n\u00e9 per la reputazione nazionale dell\u2019universit\u00e0 di Sassari in quel campo n\u00e9 per il territorio\u201d. Red<\/p>\n","protected":false},"excerpt":{"rendered":"<p>Sassari, 4 Ago 2023 \u2013 \u201cNegli ultimi 2 anni si era avviato uno sforzo organizzativo da parte delle universit\u00e0 italiane per un graduale aumento del&#8230;<\/p>\n","protected":false},"author":2,"featured_media":154268,"comment_status":"closed","ping_status":"open","sticky":false,"template":"","format":"standard","meta":[],"categories":[49,52],"tags":[],"_links":{"self":[{"href":"https:\/\/www.cronacaonline.it\/index.php\/wp-json\/wp\/v2\/posts\/238916"}],"collection":[{"href":"https:\/\/www.cronacaonline.it\/index.php\/wp-json\/wp\/v2\/posts"}],"about":[{"href":"https:\/\/www.cronacaonline.it\/index.php\/wp-json\/wp\/v2\/types\/post"}],"author":[{"embeddable":true,"href":"https:\/\/www.cronacaonline.it\/index.php\/wp-json\/wp\/v2\/users\/2"}],"replies":[{"embeddable":true,"href":"https:\/\/www.cronacaonline.it\/index.php\/wp-json\/wp\/v2\/comments?post=238916"}],"version-history":[{"count":1,"href":"https:\/\/www.cronacaonline.it\/index.php\/wp-json\/wp\/v2\/posts\/238916\/revisions"}],"predecessor-version":[{"id":238917,"href":"https:\/\/www.cronacaonline.it\/index.php\/wp-json\/wp\/v2\/posts\/238916\/revisions\/238917"}],"wp:featuredmedia":[{"embeddable":true,"href":"https:\/\/www.cronacaonline.it\/index.php\/wp-json\/wp\/v2\/media\/154268"}],"wp:attachment":[{"href":"https:\/\/www.cronacaonline.it\/index.php\/wp-json\/wp\/v2\/media?parent=238916"}],"wp:term":[{"taxonomy":"category","embeddable":true,"href":"https:\/\/www.cronacaonline.it\/index.php\/wp-json\/wp\/v2\/categories?post=238916"},{"taxonomy":"post_tag","embeddable":true,"href":"https:\/\/www.cronacaonline.it\/index.php\/wp-json\/wp\/v2\/tags?post=238916"}],"curies":[{"name":"wp","href":"https:\/\/api.w.org\/{rel}","templated":true}]}}