{"id":238899,"date":"2023-08-04T14:18:40","date_gmt":"2023-08-04T12:18:40","guid":{"rendered":"https:\/\/www.cronacaonline.it\/?p=238899"},"modified":"2023-08-04T14:18:43","modified_gmt":"2023-08-04T12:18:43","slug":"sanita-lassessore-doria-dagli-emendamenti-al-collegato-misure-importanti-per-incentivi-al-personale-e-per-lassistenza-negli-ospedali-e-sul-territorio","status":"publish","type":"post","link":"https:\/\/www.cronacaonline.it\/index.php\/2023\/08\/04\/sanita-lassessore-doria-dagli-emendamenti-al-collegato-misure-importanti-per-incentivi-al-personale-e-per-lassistenza-negli-ospedali-e-sul-territorio\/","title":{"rendered":"Sanit\u00e0, l\u2019assessore Doria: \u201cdagli emendamenti al collegato misure importanti per incentivi al personale e per l\u2019assistenza negli ospedali e sul territorio\u201d."},"content":{"rendered":"\n<p>Cagliari, 4 Ago 2023\u00a0\u2013 Incentivi per i medici e operatori che scelgono di lavorare negli ospedali in sede disagiata, dove pi\u00f9 si fatica a trovare personale disposto ad assumere incarichi, risorse per il potenziamento della rete dell\u2019emergenza urgenza, e, ancora, ulteriori fondi per l\u2019Accordo integrativo regionale dei medici di medicina generale, per il trasporto dei dializzati, per le prestazioni di emodialisi e per gli screening prenatali, nonch\u00e9 per il finanziamento dei master universitari per la formazione degli infermieri di comunit\u00e0: sono queste alcune delle misure inserite negli emendamenti al Collegato presentati dalla Giunta e approvati ieri in Consiglio regionale.<\/p>\n\n\n\n<p>Pi\u00f9 nel dettaglio tra le disposizioni approvate la costituzione di un fondo con una dotazione massima di 5 milioni di euro l\u2019anno per corrispondere ai medici e al personale del comparto un\u2019indennit\u00e0 che dovr\u00e0 essere definita in sede di contrattazione collettiva allo scopo di sostenere l\u2019operativit\u00e0 degli ospedali situati in sedi disagiate e con un\u2019elevata carenza sotto il profilo assistenziale. \u201cIl provvedimento \u2013 precisa l\u2019assessore regionale della Sanit\u00e0, Carlo Doria \u2013 \u00e8 in linea con quanto si sta adottando in altre regioni per dare risposte nei territori in cui si registrano le carenze pi\u00f9 forti. Nella situazione generale e in un mercato del lavoro in cui occorre rivedere radicalmente le retribuzioni del personale sanitario, a farne maggiormente le spese sono quei presidi dove \u00e8 pi\u00f9 difficile trovare professionisti disposti a sceglierli come sede di lavoro. L\u2019incentivo economico mira appunto ad arginare questa criticit\u00e0 e anticipa quella che, speriamo, possa presto diventare una norma nazionale\u201d.<\/p>\n\n\n\n<p>Destinati inoltre 20 milioni di euro, gi\u00e0 stanziati in finanziaria, per l\u2019integrazione dell\u2019accordo (AIR) con i medici di medicina generale al fine di garantire i livelli essenziali di assistenza in modo uniforme su tutto il territorio, ed \u00e8 autorizzata la stipula di accordi con altri Paesi e una dotazione di 6 milioni di euro, destinati alle aziende sanitarie dell\u2019Isola, per il reclutamento di medici stranieri, analogamente a quanto avvenuto in altre regioni.<\/p>\n\n\n\n<p>Per il trasporto dei dializzati dal domicilio ai centri di cura \u00e8 stata autorizzata spesa di 2 milioni di euro: \u201cUn provvedimento \u2013 dichiara l\u2019assessore Doria \u2013 che risponde alle necessit\u00e0 espresse dagli stessi pazienti. In alcune circostanze, nel caso di persone non autosufficienti, allettati o invalidi, dove \u00e8 necessario utilizzare barelle o sedie a rotelle, i costi possono essere particolarmente elevati. Con questi fondi puntiamo a dare un servizio di trasporto verso i centri dialisi dedicato a tutti i nefropatici cronici, siano essi residenti nei comuni in cui si trovano i centri o meno, o che si trovino in particolari condizioni\u201d. Per l\u2019emodialisi destinato inoltre un ulteriore milione di euro ad Ares per l\u2019acquisto di prestazioni da erogare ai cittadini residenti e non residenti (come, ad esempio, la dialisi in vacanza).<\/p>\n\n\n\n<p>Per il potenziamento della rete dell\u2019emergenza urgenza destinati 18,5 milioni di euro: 3,7 milioni per il 2023, 7,4 milioni per ciascun anno per il 2024 e 2025.<\/p>\n\n\n\n<p>Per la formazione dei medici destinati 3,7 milioni di euro per il finanziamento dei ruoli docenti per l\u2019attivazione della scuola di specializzazione di Pediatria all\u2019Universit\u00e0 di Sassari (che andrebbe ad aggiungersi a quella gi\u00e0 presente a Cagliari) e, sempre nell\u2019ateneo turritano, per la scuola di specializzazione in Chirurgia pediatrica (la prima in Sardegna). Via libera anche alla misura che mette in campo poco pi\u00f9 di un milione di euro da ripartire tra le Universit\u00e0 di Cagliari e Sassari per la realizzazione di master di primo livello per la formazione degli infermieri di Comunit\u00e0: \u201cUna figura specializzata che \u2013 sottolinea l\u2019assessore Doria \u2013 sar\u00e0 un tassello fondamentale nel nuovo assetto della sanit\u00e0 territoriale, con le case della comunit\u00e0 e gli ospedali della comunit\u00e0\u201d.<\/p>\n\n\n\n<p>Potenziato anche l\u2019impianto degli screening prenatali nell\u2019Isola con una disposizione che intercetta l\u2019esigenza di garantire alle donne in gravidanza l\u2019accesso gratuito a test prenatali (NIPT, oggi disponibili solo privatamente) non invasivi e sempre pi\u00f9 sicuri per i nascituri e per le future madri.&nbsp;Com<\/p>\n","protected":false},"excerpt":{"rendered":"<p>Cagliari, 4 Ago 2023\u00a0\u2013 Incentivi per i medici e operatori che scelgono di lavorare negli ospedali in sede disagiata, dove pi\u00f9 si fatica a trovare&#8230;<\/p>\n","protected":false},"author":2,"featured_media":229794,"comment_status":"closed","ping_status":"open","sticky":false,"template":"","format":"standard","meta":[],"categories":[49,52],"tags":[],"_links":{"self":[{"href":"https:\/\/www.cronacaonline.it\/index.php\/wp-json\/wp\/v2\/posts\/238899"}],"collection":[{"href":"https:\/\/www.cronacaonline.it\/index.php\/wp-json\/wp\/v2\/posts"}],"about":[{"href":"https:\/\/www.cronacaonline.it\/index.php\/wp-json\/wp\/v2\/types\/post"}],"author":[{"embeddable":true,"href":"https:\/\/www.cronacaonline.it\/index.php\/wp-json\/wp\/v2\/users\/2"}],"replies":[{"embeddable":true,"href":"https:\/\/www.cronacaonline.it\/index.php\/wp-json\/wp\/v2\/comments?post=238899"}],"version-history":[{"count":1,"href":"https:\/\/www.cronacaonline.it\/index.php\/wp-json\/wp\/v2\/posts\/238899\/revisions"}],"predecessor-version":[{"id":238900,"href":"https:\/\/www.cronacaonline.it\/index.php\/wp-json\/wp\/v2\/posts\/238899\/revisions\/238900"}],"wp:featuredmedia":[{"embeddable":true,"href":"https:\/\/www.cronacaonline.it\/index.php\/wp-json\/wp\/v2\/media\/229794"}],"wp:attachment":[{"href":"https:\/\/www.cronacaonline.it\/index.php\/wp-json\/wp\/v2\/media?parent=238899"}],"wp:term":[{"taxonomy":"category","embeddable":true,"href":"https:\/\/www.cronacaonline.it\/index.php\/wp-json\/wp\/v2\/categories?post=238899"},{"taxonomy":"post_tag","embeddable":true,"href":"https:\/\/www.cronacaonline.it\/index.php\/wp-json\/wp\/v2\/tags?post=238899"}],"curies":[{"name":"wp","href":"https:\/\/api.w.org\/{rel}","templated":true}]}}