{"id":238892,"date":"2023-08-04T12:56:46","date_gmt":"2023-08-04T10:56:46","guid":{"rendered":"https:\/\/www.cronacaonline.it\/?p=238892"},"modified":"2023-08-04T12:56:48","modified_gmt":"2023-08-04T10:56:48","slug":"internazionalizzazione-pubblicati-i-bandi-per-il-sostegno-ad-attivita-imprenditoriali-lassessore-pili-diffondiamo-una-cultura-economica-e-produttiva-per-far-decollare-il-sistema-s","status":"publish","type":"post","link":"https:\/\/www.cronacaonline.it\/index.php\/2023\/08\/04\/internazionalizzazione-pubblicati-i-bandi-per-il-sostegno-ad-attivita-imprenditoriali-lassessore-pili-diffondiamo-una-cultura-economica-e-produttiva-per-far-decollare-il-sistema-s\/","title":{"rendered":"Internazionalizzazione, pubblicati i bandi per il sostegno ad attivit\u00e0 imprenditoriali. L\u2019assessore Pili: \u201cdiffondiamo una cultura economica e produttiva per far decollare il sistema Sardegna\u201d."},"content":{"rendered":"\n<p>Cagliari, 4 Ago 2023 \u2013\u00a0Sono stati pubblicati i bandi relativi alle attivit\u00e0 di internazionalizzazione promosse dall\u2019assessorato dell\u2019Industria della Regione,\u00a0in attuazione della delibera di Giunta approvata lo scorso 13 aprile.<\/p>\n\n\n\n<p>\u201cLavoriamo per diffondere una cultura economica e produttiva che consenta il consolidamento della presenza e della competitivit\u00e0 delle imprese isolane sui mercati internazionali\u201d afferma l\u2019assessore dell\u2019Industria, Anita Pili. \u201cVogliamo promuovere il Sistema Sardegna nel processo di globalizzazione dei mercati e dei prodotti, dell'organizzazione ed il miglioramento dei servizi per l'internazionalizzazione del sistema d\u2019impresa. Attivit\u00e0 che la Giunta sostiene in favore di altre amministrazioni pubbliche, per accrescerne le competenze e il know-how affinch\u00e9 possano valorizzare le imprese inserite nel loro contesto locale, e in favore di imprese e start-up private, per il sostegno alla partecipazione ad eventi internazionali, fiere d esposizioni\u201d.<\/p>\n\n\n\n<p>Tre bandi sono infatti dedicati al supporto per la partecipazione al Global Mobility Call di Madrid (in programma ad Ottobre), all\u2019Italian Wine Emotion di Praga (a novembre), e all\u2019 Innovation Leaders Summit (ILS) di Tokyo (dicembre 2023).<\/p>\n\n\n\n<p>Tutte le attivit\u00e0 di internazionalizzazione sono rese possibili&nbsp;grazie all\u2019accordo quadro stipulato con l\u2019Agenzia ICE&nbsp;(Agenzia Governativa per la promozione all\u2019estero e l\u2019internazionalizzazione delle Imprese).<\/p>\n\n\n\n<p>\u201cLa collaborazione con ICE\u201d spiega Anita Pili \u201c\u00e8 funzionale alle attivit\u00e0 di promozione a livello nazionale e internazionale, e fornisce alle imprese coinvolte in eventi internazionali il supporto necessario in termini di attivit\u00e0 formative, workshop e altre attivit\u00e0 che si rendano necessarie per il loro sviluppo. \u00c8 importante sottolineare che tali iniziative si traducono in un volano per il sistema produttivo della Sardegna, destinato a diventare sempre pi\u00f9 competitivo sul mercato globale grazie all\u2019eccellenza delle proprie produzioni. Una crescita che avr\u00e0, senza dubbio, importanti ricadute anche in termini occupazionali\u201d.&nbsp;(mm)<\/p>\n\n\n\n<p>Si riportano di seguito i link ai bandi:<\/p>\n\n\n\n<p>-Avviso per la presentazione di manifestazioni di interesse per progetti degli Enti locali inerenti azioni di internazionalizzazione.&nbsp;<a href=\"https:\/\/www.regione.sardegna.it\/atti-bandi-archivi\/atti-amministrativi\/bandi\/169088454971633\" target=\"_blank\" rel=\"noreferrer noopener\">https:\/\/www.regione.sardegna.it\/atti-bandi-archivi\/atti-amministrativi\/bandi\/169088454971633<\/a><\/p>\n\n\n\n<p>-Avviso per il sostegno alla internazionalizzazione delle imprese della Regione Autonoma della Sardegna attraverso l\u2019erogazione di voucher per manifestazioni fieristiche ed eventi di rilievo internazionale - Evento ILS -INNOVATION LEADERS SUMMIT TOKYO, 4-7 dicembre 2023.&nbsp;<a href=\"https:\/\/www.regione.sardegna.it\/atti-bandi-archivi\/atti-amministrativi\/bandi\/16908852449895\" target=\"_blank\" rel=\"noreferrer noopener\">https:\/\/www.regione.sardegna.it\/atti-bandi-archivi\/atti-amministrativi\/bandi\/16908852449895<\/a><\/p>\n\n\n\n<p>-Avviso per il sostegno all\u2019internazionalizzazione delle imprese della Regione Autonoma della Sardegna attraverso la partecipazione ad una delegazione imprenditoriale di rilievo internazionale - GLOBAL MOBILITY CALL 2023 - MADRID, dal 23 al 27 ottobre 2023.&nbsp;<a href=\"https:\/\/www.regione.sardegna.it\/atti-bandi-archivi\/atti-amministrativi\/bandi\/16910666310151\" target=\"_blank\" rel=\"noreferrer noopener\">https:\/\/www.regione.sardegna.it\/atti-bandi-archivi\/atti-amministrativi\/bandi\/16910666310151<\/a><\/p>\n\n\n\n<p>-Avviso per il sostegno all\u2019internazionalizzazione delle imprese della Regione Autonoma della Sardegna attraverso l\u2019erogazione di voucher per manifestazioni fieristiche ed eventi di rilievo internazionale - Italian Wine Emotion Prague 2023, 07\/11\/2023.&nbsp;<a href=\"https:\/\/www.regione.sardegna.it\/atti-bandi-archivi\/atti-amministrativi\/bandi\/169106913206442\" target=\"_blank\" rel=\"noreferrer noopener\">https:\/\/www.regione.sardegna.it\/atti-bandi-archivi\/atti-amministrativi\/bandi\/169106913206442<\/a><\/p>\n","protected":false},"excerpt":{"rendered":"<p>Cagliari, 4 Ago 2023 \u2013\u00a0Sono stati pubblicati i bandi relativi alle attivit\u00e0 di internazionalizzazione promosse dall\u2019assessorato dell\u2019Industria della Regione,\u00a0in attuazione della delibera di Giunta approvata&#8230;<\/p>\n","protected":false},"author":2,"featured_media":212091,"comment_status":"closed","ping_status":"open","sticky":false,"template":"","format":"standard","meta":[],"categories":[49,52],"tags":[],"_links":{"self":[{"href":"https:\/\/www.cronacaonline.it\/index.php\/wp-json\/wp\/v2\/posts\/238892"}],"collection":[{"href":"https:\/\/www.cronacaonline.it\/index.php\/wp-json\/wp\/v2\/posts"}],"about":[{"href":"https:\/\/www.cronacaonline.it\/index.php\/wp-json\/wp\/v2\/types\/post"}],"author":[{"embeddable":true,"href":"https:\/\/www.cronacaonline.it\/index.php\/wp-json\/wp\/v2\/users\/2"}],"replies":[{"embeddable":true,"href":"https:\/\/www.cronacaonline.it\/index.php\/wp-json\/wp\/v2\/comments?post=238892"}],"version-history":[{"count":1,"href":"https:\/\/www.cronacaonline.it\/index.php\/wp-json\/wp\/v2\/posts\/238892\/revisions"}],"predecessor-version":[{"id":238893,"href":"https:\/\/www.cronacaonline.it\/index.php\/wp-json\/wp\/v2\/posts\/238892\/revisions\/238893"}],"wp:featuredmedia":[{"embeddable":true,"href":"https:\/\/www.cronacaonline.it\/index.php\/wp-json\/wp\/v2\/media\/212091"}],"wp:attachment":[{"href":"https:\/\/www.cronacaonline.it\/index.php\/wp-json\/wp\/v2\/media?parent=238892"}],"wp:term":[{"taxonomy":"category","embeddable":true,"href":"https:\/\/www.cronacaonline.it\/index.php\/wp-json\/wp\/v2\/categories?post=238892"},{"taxonomy":"post_tag","embeddable":true,"href":"https:\/\/www.cronacaonline.it\/index.php\/wp-json\/wp\/v2\/tags?post=238892"}],"curies":[{"name":"wp","href":"https:\/\/api.w.org\/{rel}","templated":true}]}}