{"id":238877,"date":"2023-08-04T07:33:12","date_gmt":"2023-08-04T05:33:12","guid":{"rendered":"https:\/\/www.cronacaonline.it\/?p=238877"},"modified":"2023-08-04T07:33:14","modified_gmt":"2023-08-04T05:33:14","slug":"consiglio-sardegna-collegato-alla-manovra-finanziaria-2023-2025-approvato-lintero-capo-iv-disposizioni-in-materia-di-sanita-e-politiche-sociali","status":"publish","type":"post","link":"https:\/\/www.cronacaonline.it\/index.php\/2023\/08\/04\/consiglio-sardegna-collegato-alla-manovra-finanziaria-2023-2025-approvato-lintero-capo-iv-disposizioni-in-materia-di-sanita-e-politiche-sociali\/","title":{"rendered":"Consiglio Sardegna &#8211; Collegato alla manovra finanziaria 2023-2025: approvato l\u2019intero Capo IV \u201cdisposizioni in materia di sanit\u00e0 e politiche sociali\u201d."},"content":{"rendered":"\n<p>Cagliari 4 Ago 2023 \u2013 La seduta del Consiglio regionale della Sardegna di ieri pomeriggio \u00e8 stata aperta dal presidente Michele Pais. E dopo le formalit\u00e0 di rito, l\u2019Aula ha proseguito l\u2019esame dell\u2019ordine del giorno con l\u2019art.13 \u201cModifiche alla legge regionale n. 24 del 2020 in materia di liquidazione dell'ATS\u201d e gli emendamenti del Dl n.373 (Collegato alla Finanziaria). L\u2019articolo sostituisce il comma 6 ella L.r 24 \"6. Contestualmente all'istituzione di Ares, l'Ats \u00e8 posta in liquidazione. La gestione liquidatoria ATS \u00e8 competente per la liquidazione di tutte le posizioni attive e passive e di tutte le cause pendenti, dalla data della sua costituzione e di quelle facenti in precedenza capo alle soppresse aree socio-sanitarie locali e alle soppresse aziende sanitarie. Per l'espletamento di tutte le attivit\u00e0 la gestione liquidatoria di Ats si avvale, di norma, del personale di ARES e, ove necessario, di ulteriori figure attraverso la stipula di appositi atti convenzionali. Il Commissario liquidatore di Ats \u00e8 nominato dalla Giunta regionale. Agli oneri relativi all'attivit\u00e0 liquidatoria di ATS si fa fronte con risorse ulteriori rispetto a quanto previsto con riferimento alla regione Sardegna dall'Intesa Stato-Regioni concernente il Riparto del fabbisogno sanitario standard\".<\/p>\n\n\n\n<p>Il vice presidente Giovanni Antonio Satta ha aperto la discussione sull\u2019articolo 13. Cesare Moriconi (Pd) ha sottolineato la necessit\u00e0 di avere risposte dalla Giunta su temi importanti che hanno necessit\u00e0 di essere trattati in modo approfondito come la rinuncia a curarsi, i lea, le vaccinazioni fino alla copertura finanziaria. Per Moriconi le risorse per i nuovi ospedali non ci sono e se invece ci fossero, l\u2019opposizione vorrebbe sapere da dove sono state prese, perch\u00e9 \u201cil sistema regione \u00e8 fatto di sanit\u00e0, ma non solo di sanit\u00e0\u201d.<\/p>\n\n\n\n<p>Francesco Agus (capogruppo Progressisti) ha affermato che l\u2019articolo 13 arriva anni dopo l\u2019approvazione della legge ed \u00e8 la testimonianza che quella riforma, partorita da maggioranza, era incompleta, confusionaria e inapplicabile. \u201cNon si pu\u00f2 intervenire in materia sanitaria in questo modo\u201d, ricordando che l\u2019Ares non ha ancora il direttore sanitario e che, quindi, tutti gli atti sono potenzialmente impugnabili.<\/p>\n\n\n\n<p>Critica anche Desir\u00e8 Manca (M5S), che ha ricordato come la riforma della rete sanitaria sia arrivata in piena pandemia nonostante le obiezioni dell\u2019opposizione. La peggiore decisione, per Manca, \u00e8 stato di trasferire il Microcitemico alla Asl e a farne le spese sono stati i bambini e le loro famiglie. Poi rivolgendosi all\u2019assessore della Sanit\u00e0, Carlo Doria, ha criticato le sue affermazioni in merito alle segnalazioni delle famiglie dei bambini che aspettavano mesi per la rimozione del catetere venoso per la chemioterapia. \u201cA queste famiglie assessore ha detto che raccontavano balle\u201d. E ha aggiunto: \u201cSi ricordi che stiamo parlando di bambini\u201d, ricordando che ci sono documenti protocollati. Per Manca adesso con questo emendamento \u201cstate cercando di mettere una pezza\u201d.<\/p>\n\n\n\n<p>Daniele Cocco (Alleanza Europa Verde - Sinistra - Possibile - Art.1) ha raccontato i disagi che affrontano quotidianamente i malati. \u201cDobbiamo dare risposte immediate alle emergenze che abbiamo tutti i giorni\u201d. Poi riferendosi all\u2019emendamento di sintesi presentato dalla maggioranza per riportare le strutture di Oncoematologia pediatrica e il Centro trapianti di midollo osseo all\u2019Arnas Brotzu, ha evidenziato che il testo, cos\u00ec scritto, fa perdere ulteriore tempo perch\u00e9 rinvia la definizione dei tempi e modalit\u00e0 a una successiva delibera di Giunta, previa approvazione della commissione competente. In qualit\u00e0 di vice presidente della Commissione Sanit\u00e0 ha ricordato che le audizioni su questo tema sono gi\u00e0 state fatte.<\/p>\n\n\n\n<p>Il Consiglio ha approvato il testo dell\u2019articolo.<\/p>\n\n\n\n<p>Il Consiglio ha quindi esaminato l\u2019emendamento di sintesi 863 (em55-87-859) (Aroni \u2013Cossa), che dopo l\u2019articolo 13 introduce il seguente articolo: \u201cDopo l'articolo 13 \u00e8 aggiunto il seguente: Art, 13 bis. \"l. Nelle more del completamento del processo di razionalizzazione e attivazione dei nuovi modelli organizzativi, al fine di garantire la funzionalit\u00e0 della rete pediatrica, con particolare riferimento all'assistenza, da prestarsi in urgenza, delle specialit\u00e0 di oncoematologia pediatrica e del Centro trapianti midollo osseo, tali strutture sono attribuite ali' Arnas Brotzu.<\/p>\n\n\n\n<p>Con deliberazione della Giunta regionale, previo parere della Commissione consiliare competente sono definiti tempi e modalit\u00e0 di attuazione dell'intervento\".<\/p>\n\n\n\n<p>Michele Cossa (Riformatori) ha spiegato che l\u2019emendamento ha l\u2019obiettivo di riportare il Microcitemico al Brotzu. Cossa ha definito \u201cuna scelta scellerata del Consiglio regionale quella di scorporare il Microcitemico, una scelta dovuta a cinismo politico\u201d. E ha aggiunto: \u201cSiamo convinti che l\u2019ospedale Microcitemico debba tornare all\u2019Arnas Brotzu\u201d e ha aggiunto che questo emendamento di sintesi vuole dare una risposta immediata alla situazione di emergenza che si \u00e8 creata e \u201cche mette a repentaglio la sicurezza e la salute dei piccoli pazienti\u201d.<\/p>\n\n\n\n<p>Alessandra Zedda (FI) ha proposto un emendamento orale al comma 2, aggiungendo, \u201centro 30 giorni dalla pubblicazione\u201d. &nbsp;&nbsp;<\/p>\n\n\n\n<p>Francesco Agus (capogruppo dei Progressisti) ha sottolineato che \u201cdopo due anni di denunce da parte nostra siete riusciti a trovare una sintesi\u201d per risolvere un problema che riguarda i pazienti pi\u00f9&nbsp;fragili e sfortunati. \u201cSentirvi parlare di scelta scellerata e scelta incomprensibile addolora\u201d. Agus ha annunciato il voto di astensione per vigilare sull\u2019applicazione del testo, perch\u00e9 la situazione necessiter\u00e0 di ulteriori interventi. Adesso, ha detto, \u00e8 necessario mettere in sicurezza il sistema, ma la situazione dei reparti pediatrici richiede una riorganizzazione complessiva. Agus ha chiesto l\u2019immediata attivazione di un tavolo tecnico per evitare complicazioni burocratiche inaccettabili su questo argomento.<\/p>\n\n\n\n<p>Per Eugenio Lai (capogruppo&nbsp;Alleanza Europa Verde - Sinistra - Possibile - Art.1) \u201cil fallimento di questa Giunta regionale \u00e8 evidente\u201d. Manca un ragionamento, ha affermato, sul ruolo che deve avere il Microcitemico, che deve diventare il punto di riferimento pediatrico della nostra Isola. \u201cIn questi quattro anni e mezzo la situazione \u00e8 nettamente peggiorata, avete smembrato un punto di riferimento regionale\u201d e ha sottolineato come l\u2019assessore Doria sia arrivato a polemizzare con le mamme di bambini che stanno male. \u201cAdesso provate a spostare reparti al Brotzu\u201d.<\/p>\n\n\n\n<p>Gianfranco Ganau (capogruppo Pd) ha sottolineato che si tratta di una serie di interventi che cercano di rimediare a riforme, che l\u2019opposizione ha contestato fortemente: dalle competenze di Ares al trasferimento dell\u2019Oncoematologia pediatrica. Si tratta di una legge, ha detto, che ha creato disagi ai piccoli pazienti \u201ccreando una situazione un fortissimo imbarazzo per tutti\u201d. Quelli proposti, ha detto, sono interventi parziali su \u201cuna riforma basata solo su scelte di controllo politico della sanit\u00e0, fregandosene completamente dei pazienti e dell\u2019efficienza dei servizi e dell\u2019importanza che aveva quel tipo di struttura\u201d. Ganau ha auspicato la realizzazione di un ospedale regionale di eccellenza all\u2019interno dell\u2019Irccs.<\/p>\n\n\n\n<p>Antonio Mundula (FdI), presidente della commissione Sanit\u00e0, ha ricordato che la situazione era stata esaminata in commissione e non si era arrivati a una soluzione condivisa perch\u00e9 la maggior parte dei direttori e dei lavoratori avevano riferito di trovarsi benissimo nella Asl 8.<\/p>\n\n\n\n<p>Domenico Gallus (Psd\u2019Az) ha accusato la minoranza di essere in campagna elettorale e ha affermato di non accettare lezioni da parte politica che non si \u00e8 distinta nel governo della sanit\u00e0 nella precedente legislatura.<\/p>\n\n\n\n<p>Fortemente critica Desir\u00e8 Manca (M5S) che ha rispedito al mittente l\u2019accusa \u201cche la minoranza abbia strumentalizzato del dolore\u201d.<\/p>\n\n\n\n<p>Piero Comandini (Pd) ha ricordato all\u2019on. Gallus e alla maggioranza che l\u2019opposizione \u201c\u00e8 qui oggi a mettere una pezza\u201d. E ha ricordato che la maggioranza, in piena pandemia, ha fatto quella che \u00e8 stata definita dall\u2019on. Cossa \u201cuna scelta scellerata\u201d e ha aggiunto Comandini \u201cper cinismo politico\u201d. L\u2019esponente del Pd ha anche ricordato che si tratta di \u201cquello stesso cinismo politico che ha licenziato l\u2019ex assessore Nieddu senza dirgli neanche un grazie\u201d. \u201cVi avevamo avvisato dei problemi che ci sarebbero stati\u201d. Comandini ha annunciato il voto di astensione auspicando che sia l\u2019inizio della riorganizzazione del polo pediatrico di eccellenza come voleva prof Cao.<\/p>\n\n\n\n<p>\u00c8 quindi intervenuto l\u2019assessore della Sanit\u00e0, Carlo Doria, che ha sottolineato come sia necessario pensare a un polo pediatrico a 360 gradi e comprendere tutte le specializzazioni. Sull\u2019emendamento ha affermato che si sta riportando l\u2019oncoematologia pediatrica e il Centro trapianti all\u2019Arnas, ma solo da un punto di vista amministrativo ed \u00e8 necessario che siano inseriti non solo sulla carta. Per quanto riguarda la polemica sulle sue dichiarazioni rilasciate sulla situazione del Microcitemico, l\u2019assessore ha riferito di aver avuto informazioni dai vertici delle strutture, evidentemente non corrispondenti alla realt\u00e0, e che ha gi\u00e0 avviato una indagine interna per capire perch\u00e9 le richieste delle famiglie dei bambini non siano state registrate. Questo emendamento, ha affermato, \u00e8 un primo passo verso la realizzazione di un&nbsp;polo pediatrico regionale puntando anche sulla formazione di anestesisti per la pediatria.<\/p>\n\n\n\n<p>L\u2019emendamento \u00e8 stato approvato.<\/p>\n\n\n\n<p>Eugenio Lai (Alleanza Europa Verde \u2013 Sinistra \u2013 Possibile \u2013 Art.1)&nbsp;\u00e8 intervenuto sull\u2019emendamento 838 che \u00e8 stato dichiarato decaduto perch\u00e9 non c\u2019\u00e8 copertura finanziaria. Nonostante questo Lai ha chiesto all\u2019aula di approvarlo lo stesso per eliminare una stortura nel sistema buoni pasto nel settore sanitario.<\/p>\n\n\n\n<p>L\u2019assessore Doria ha affermato di condividere l\u2019impianto della richiesta ma ha detto che i 7 milioni necessari oggi non ci sono quindi non si pu\u00f2 approvare ma si valuter\u00e0 di inserirlo nella variazione di bilancio.&nbsp; L\u2019emendamento \u00e8 stato ritirato. &nbsp;&nbsp;<\/p>\n\n\n\n<p>Approvato l\u2019emendamento 86 all\u2019art 13 (Mele, Cossa) che ha l\u2019obiettivo, come ha illustrato il Riformatore Michele Cossa, di \u201callargare&nbsp;la platea\u201d&nbsp;nel reperimento dei dirigenti&nbsp;sanitari e amministrativi dell\u2019Ares, dell\u2019AREUS, delle aziende sanitarie locali e delle aziende ospedaliere e ospedaliero \u2013 universitarie. Questo emendamento prevede delle modifiche all\u2019articolo 13 della legge regionale 11 settembre 2020 n. 24.<\/p>\n\n\n\n<p>Via libera anche al testo dell\u2019articolo 13.1.<\/p>\n\n\n\n<p>L\u2019emendamento 717 (autorizzazione per il 2023 di una spesa di 150.000 a favore del centro diurno di Lanusei per pazienti affetti da malattie neurodegenerative) \u00e8 stato dichiarato inammissibile per mancanza di copertura finanziaria. Ma dopo un intervento del consigliere Salvatore Corrias&nbsp;(PD) che&nbsp;ha richiamato l\u2019attenzione sulla carenza delle strutture ogliastrine che sono a&nbsp;rischio chiusura, l\u2019assessore Doria ha dichiarato che sar\u00e0 portato nell\u2019assestamento di bilancio. &nbsp;<\/p>\n\n\n\n<p>Il testo dell\u2019articolo 15 \u00e8 stato approvato<\/p>\n\n\n\n<p>Sull\u2019emendamento 839 in materia di fibromialgia&nbsp;\u00e8 intervenuto il consigliere Lai&nbsp;che ha spiegato che si tratta solo di una proroga di termini per la presentazione delle domande da parte degli aventi diritto. Per Lai si tratta di un emendamento di buon senso.<\/p>\n\n\n\n<p>L\u2019emendamento 839 \u00e8 stato approvato. &nbsp;<\/p>\n\n\n\n<p>Sull\u2019emendamento 444 (Cocco) \u00e8 intervenuto il presentatore che ha spiegato che questo emendamento&nbsp;prevede che prima di avviare nuovi concorsi per l\u2019assunzione di personale sanitario, tecnico e amministrativo, l\u2019Ares Sardegna deve attivare prioritariamente le procedure di mobilit\u00e0 del personale gi\u00e0 in organico, la stabilizzazione del personale precario e l\u2019utilizzo delle graduatorie ancora valide, secondo le modalit\u00e0 previste dalla normativa vigente.&nbsp;<\/p>\n\n\n\n<p>Con un emendamento orale si \u00e8 cassata la parola \u201cvolontaria \u201ce l\u2019emendamento \u00e8 stato approvato dopo un acceso dibattito in cui sono intervenuti l\u2019assessore Doria,&nbsp;Antonio Mario Mundula (Fratelli d\u2019Italia), Gian Franco Ganau (Pd), l\u2019assessore Fasolino.<\/p>\n\n\n\n<p>Francesco Agus (Progressisti) ha chiesto, sull\u2019emendamento 444, la votazione elettronica. Richiesta poi ritirata.<\/p>\n\n\n\n<p>Il Consiglio ha poi iniziato la discussione dell\u2019art.15.1 il cui testo \u00e8 stato approvato.<\/p>\n\n\n\n<p>Via libera, inoltre, agli emendamenti 792 e 796, entrambi della Giunta. Il 792 prevede l\u2019utilizzo delle economie residue nel settore politiche sociali del 2022 nell\u2019annualit\u00e0 successiva; il 796, sul contrasto allo spopolamento, specifica la destinazione dei fondi ad iniziative produttive con sede legale in Sardegna.<\/p>\n\n\n\n<p>Approvato anche l\u2019articolo 15.2<\/p>\n\n\n\n<p>Per quanto riguarda l\u2019art.15.3, approvato, \u00e8 stato integrato dai seguenti emendamenti: 718 (Giunta) che, attraverso una rimodulazione, assegnala somma di 20 milioni a copertura dell\u2019accordo integrativo regionale dei medici di medicina generale per gli anni 2024 e 2025; il 775 (Giunta) che consente ad Areus la modifica della convenzioni con il 118; il 783 (Giunta) che stanzia 6 milioni per l\u2019acquisizione di personale medico; l\u2019857 (Giunta) che stanzia 1 milione per l\u2019Areus per l\u2019acquisto di prestazioni di emodialisi.<\/p>\n\n\n\n<p>Approvato anche l\u2019art.15.4<\/p>\n\n\n\n<p>Approvato anche l\u2019art. 15.5 integrato dai seguenti emendamenti: 843 (Giunta) che attribuisce la copertura di 1 milione, a partire dal 2024, alle attivit\u00e0 di screening per la diagnosi precoce del tumore al polmone; il 776 (Giunta) sulle esenzioni alla partecipazione alla spesa sanitaria nei pazienti potenzialmente affetti da patologie neoplastiche; il 790 (Giunta) sugli extra Lea riguardanti i test genetici prenatali e neonatali, con copertura di circa 2 milioni per gli anni 2023 e 2024;<\/p>\n\n\n\n<p>Approvato anche l\u2019art.15.6 integrato dai seguenti emendamenti: 854 (Giunta) che modifica da \u201c30\u201d a \u201c50\u201d per cento la copertura dei costi delle strutture per tossicodipendenti e dei pazienti affetti da altre dipendenze patologiche; 720 (Giunta) che fissa il termine di 30 giorni per la commissione che deve esprimere un parere sul tariffario dei servizi veterinari; 719 (Giunta) che autorizza per il 2023 la spesa di 5 milioni a favore di Areus; il 782 (Giunta) per il potenziamento dei servizi sanitari nelle aree colpite da disagio demografico, attraverso un fondo di 5 milioni; il 795 (Giunta) sul superamento dei tetti di spesa e la distribuzione delle risorse fra le strutture accreditate.<\/p>\n\n\n\n<p>Approvato anche l\u2019art.15.7<\/p>\n\n\n\n<p>Approvato anche l\u2019art.15.8 integrato dall\u2019emendamento n.721 (Giunta) sul finanziamento delle scuole di specializzazione presso le Universit\u00e0 di Cagliari e Sassari.<\/p>\n\n\n\n<p>&nbsp;Approvato anche l\u2019art.15.9 integrato dall\u2019emendamento 23 (Pinna e pi\u00f9) per l\u2019acquisizione al patrimonio regionale della struttura Santa Maria Assunta di Guspini con la rimodulazione di fondi provenienti dalla legge di stabilit\u00e0 2023 pari a 7.5 milioni complessivi.<\/p>\n\n\n\n<p>Approvato anche l\u2019art. 15.10 integrato dai seguenti emendamenti: 831 (Giunta) sul potenziamento della rete di emergenza urgenza per una spesa di circa 17 milioni riferita alle annualit\u00e0 2023, 2024 e 2025; il 722 (Giunta) che prevede interventi a favore dei nefropatici cola spesa di circa 2 milioni; 832 (Giunta) in materia di razionalizzazione della spesa sanitaria e, in particolare, la soppressione del prontuario farmaceutico regionale con automatica applicazione di quello nazionale; 833 (Giunta) sulla riprogrammazione di economie provenienti dai rapporti fra Regione e Mater Olbia a favore di interventi a favore delle strutture di Macomer, San Francesco e Zonchello di Nuoro e Sam Camillo di Sorgono, per una somma complessiva di circa 5 milioni.<\/p>\n\n\n\n<p>Approvato anche l\u2019art. 15.11.<\/p>\n\n\n\n<p>Il Consiglio \u00e8 quindi passato all\u2019esame dell\u2019art. 15.12 \u201cDisposizioni finanziarie in materia di diritti sociali, politiche sociali e famiglia\u201d. Sul punto \u00e8 intervenuto Francesco Agus (Progressisti) ha rimarcato la presenza di stanziamenti finanziari con microposte destinate a singole associazioni: \u00abNon si pu\u00f2 aspettare l\u2019assestamento di bilancio? Non \u00e8 il caso di stralciare l\u2019articolo e rimandarlo a quella discussione?\u00bb. D\u2019accordo con Agus il capogruppo del M5S Alessandro Solinas: \u00abE\u2019 opportuno mettere in votazioni tali misure tenuto conto del clima collaborativo che si \u00e8 creato in Aula?\u00bb.<\/p>\n\n\n\n<p>Ha quindi preso la parola l\u2019assessore Fasolino ha proposto un emendamento orale per la soppressione dei commi 5 e 6 dell\u2019articolo 15.12 che \u00e8 stata approvato. Respinti tutti gli emendamenti soppressivi mentre \u00e8 stato approvato l\u2019emendamento della Giunta regionale n.748 che sostituisce nei commi 4 e 5 dell\u2019articolo 15.2 le parole \u201cprogramma o5\u201d con le parole \u201cprogramma 04\u201d. Disco verde anche per l\u2019emendamento n.724 (giunta regionale) che autorizza la spesa di 784mila euro per il 2023 e 1,343 milioni di euro per il 2024 per il progetto sperimentale di integrazione socio sanitaria da realizzare con la riconversione della struttura psichiatrica dell\u2019ospedale Rizzeddu di Sassari; emendamento n.800 (giunta regionale) che stanzia 200mila euro per l\u2019acquisto di spazi nelle testate giornalistiche regionali per campagne informative sulla salute.<\/p>\n\n\n\n<p>Si \u00e8 poi passati all\u2019esame dell\u2019art 15.13 \u201cModifiche alla legge regionale n. 35 del 1995 in materia di alienazione di immobili regionali per attivit\u00e0 di valenza sociale e assistenziale\u201d.<\/p>\n\n\n\n<p>Il capogruppo del Pd Gianfranco Ganau ha fatto notare che l\u2019articolo 15.12 appena approvato contiene un finanziamento per le strutture che accolgono tossicodipendenti che di fatto assorbe l\u2019emendamento n.805 presentato dal consigliere Michele Ennas (Lega)<\/p>\n\n\n\n<p>D\u2019accordo Assessore Fasolino: \u00abQuesto emendamento \u00e8 inammissibile perch\u00e9 non si quantifica l\u2019aumento delle tariffe a favore delle strutture. Noi abbiamo gi\u00e0 previsto un aumento delle tariffe per tutte le strutture accreditate per l\u2019assistenza dei tossicodipendenti\u00bb. Giudizio condiviso anche da Rossella Pinna (Pd) che ha detto: \u00abE\u2019 stato approvato un emendamento della giunta all\u2019art 15.6 che gi\u00e0 prevedeva un aumento delle tariffe per le strutture che accolgono tossicodipendenti\u00bb. L\u2019emendamento \u00e8 stato ritirato.<\/p>\n\n\n\n<p>Respinti anche i soppressivi, l\u2019Aula ha approvato il testo articolo.<\/p>\n\n\n\n<p>Via libera all\u2019emendamento aggiuntivo n.37 (Comandini e pi\u00f9) che garantisce la sterilizzazione dei gatti anche nelle colonie feline in corso di censimento. Respinti invece gli emendamenti n.38 e 39.<\/p>\n\n\n\n<p>Il consigliere Massimo Zedda ha chiesto di sospendere la discussione dell\u2019articolo 15.3: \u00abIn commissione abbiamo chiesto di avere un elenco dettagliato degli immobili da cedere per il 15% del prezzo ad associazioni che operano in strutture pubbliche\u00bb.<\/p>\n\n\n\n<p>Contrario il consigliere Michele Cossa (Riformatori): \u00abZedda ripropone gli stessi argomenti esposti in Commissione che sono gi\u00e0 stati chiariti. Questo emendamento contiene una norma estremamente cautelativa per evitare di vendere gli immobili per attivit\u00e0 di tipo lucrativo\u00bb. Favorevole alla proposta di Cossa l\u2019assessore Fasolino.<\/p>\n\n\n\n<p>Per il capogruppo dei Progressisti Francesco Agus: \u00abLa legge non ammette ignoranza e chi approva le norme deve saperlo. Nell\u2019iter di approvazione delle legge in Commissione \u00e8 stato richiesto l\u2019elenco degli immobili pubblici affidati ad associazioni. Gli uffici della Regione possono fornire questo elenco. Ci sono immobili che valgono milioni di euro. Se autorizziamo un\u2019associazione ad acquistare per pochi spiccioli un immobile che vale milioni lo si deve sapere. Ci sono associazioni serie ma possono esserci in mezzo anche speculatori. Evitiamo questo rischio. La norma scritta cos\u00ec d\u00e0 adito a sospetti. Si sposti la discussione a marted\u00ec prossimo\u00bb.<\/p>\n\n\n\n<p>La seduta \u00e8 stata sospesa per alcuni minuti.<\/p>\n\n\n\n<p>Alla ripresa il presidente Pais ha dichiarato annullata l\u2019approvazione del testo dell\u2019articolo rimandandone l\u2019approvazione nella discussione del Capo VII \u201cNorme in materia di recupero del patrimonio edilizio del demanio marittimo\u201d.<\/p>\n\n\n\n<p>L\u2019aula ha quindi respinto l\u2019emendamento n.39 respinto. Approvato l\u2019emendamento n.40 (Comandini e pi\u00f9) che detta le modalit\u00e0 di individuazione delle Asl capofila per la lotta al randagismo canino.<\/p>\n\n\n\n<p>Via libera anche all\u2019emendamento n.63 (Piga e pi\u00f9) che detta norme per l\u2019accreditamento dei centri riabilitativi tenendo in vigore gli attuali standard organizzativi di cui alle delibere della giunta regionale n.47\/ e 47\/43 del 2010.<\/p>\n\n\n\n<p>Respinto invece l\u2019emendamento n.443 che prevedeva la gestione autonoma dei concorsi da parte delle singole Asl anche in assenza di delega di Ares. Sul punto \u00e8 intervenuto Daniele Cocco (Leu): \u00abSu questo emendamento c\u2019era un parere favorevole della Commissione, non si stanno rispettando gli accordi\u00bb.<\/p>\n\n\n\n<p>A Cocco ha replicato l\u2019assessore Carlo Doria: \u00abPer cercare di accelerare abbiamo fatto concorsi che riguardano la sanit\u00e0 dando la delega alle Asl. Farli senza delega \u00e8 un rischio. I concorsi vanno coordinati da Ares\u00bb.<\/p>\n\n\n\n<p>Sull\u2019ordine dei lavori \u00e8 intervenuto il capogruppo della Lega Michele Ennas: \u00abDevo spezzare una lancia a favore dell\u2019Cocco nonostante il parere contrario della Giunta \u2013 ha detto Ennas -&nbsp; \u00e8 vero che ci sono zone dove non arrivano medici. Ci sono reparti di ospedali periferici che rischiano di chiudere. Non \u00e8 vero che non ci sono problemi. E\u2019 un rischio affidare ad Ares la decisione di aprire o chiudere un ospedale\u00bb.<\/p>\n\n\n\n<p>Ha quindi preso la parola l\u2019assessore Doria: \u00abL\u2019indice di sofferenza non esiste ma se vogliamo lo possiamo utilizzare per fare programmazione che comunque deve essere centralizzata. Non c\u2019entra nulla con la possibilit\u00e0 delle singole Asl di fare i concorsi quando vogliono senza una programmazione centralizzata. Cos\u00ec si rischia una giungla. Non si pu\u00f2 togliere ad Ares il potere di delegare\u00bb.<\/p>\n\n\n\n<p>Il presidente ha quindi annullato la votazione precedente dell\u2019emendamento n.443 che \u00e8 stato spostato a fine testo.<\/p>\n\n\n\n<p>Sull\u2019ordine dei lavori \u00e8 intervenuto Roberto Deriu: \u00abStiamo dando all\u2019esterno uno spettacolo deprimente. Non siamo in sede accademica. C\u2019\u00e8 di rilevante che la Giunta ha un parere diverso dalla sua maggioranza espresso in Commissione. Siccome dobbiamo procedere in modo ordinato \u00e8 chiaro che serve un minimo di raccordo altrimenti non si finisce pi\u00f9. Si faccia una riunione di capigruppo o una riunione di maggioranza\u00bb.<\/p>\n\n\n\n<p>Approvati gli emendamenti 779 (che stanzia 60mila euro per il centro \u201cDimmi ti ascolto\u201d della diocesi di Tempio Ampurias) e 799 (380mila euro per il 2023 e 300mila per il 2024 e 2025 a favore dell\u2019istituto di studi politici Eurispes).<\/p>\n\n\n\n<p>Al termine della votazione, il presidente Pais ha dichiarato chiusa la seduta. I lavori del Consiglio riprenderanno marted\u00ec 8 agosto alle ore 10.<\/p>\n","protected":false},"excerpt":{"rendered":"<p>Cagliari 4 Ago 2023 \u2013 La seduta del Consiglio regionale della Sardegna di ieri pomeriggio \u00e8 stata aperta dal presidente Michele Pais. E dopo le&#8230;<\/p>\n","protected":false},"author":2,"featured_media":191710,"comment_status":"closed","ping_status":"open","sticky":false,"template":"","format":"standard","meta":[],"categories":[49,52],"tags":[],"_links":{"self":[{"href":"https:\/\/www.cronacaonline.it\/index.php\/wp-json\/wp\/v2\/posts\/238877"}],"collection":[{"href":"https:\/\/www.cronacaonline.it\/index.php\/wp-json\/wp\/v2\/posts"}],"about":[{"href":"https:\/\/www.cronacaonline.it\/index.php\/wp-json\/wp\/v2\/types\/post"}],"author":[{"embeddable":true,"href":"https:\/\/www.cronacaonline.it\/index.php\/wp-json\/wp\/v2\/users\/2"}],"replies":[{"embeddable":true,"href":"https:\/\/www.cronacaonline.it\/index.php\/wp-json\/wp\/v2\/comments?post=238877"}],"version-history":[{"count":1,"href":"https:\/\/www.cronacaonline.it\/index.php\/wp-json\/wp\/v2\/posts\/238877\/revisions"}],"predecessor-version":[{"id":238878,"href":"https:\/\/www.cronacaonline.it\/index.php\/wp-json\/wp\/v2\/posts\/238877\/revisions\/238878"}],"wp:featuredmedia":[{"embeddable":true,"href":"https:\/\/www.cronacaonline.it\/index.php\/wp-json\/wp\/v2\/media\/191710"}],"wp:attachment":[{"href":"https:\/\/www.cronacaonline.it\/index.php\/wp-json\/wp\/v2\/media?parent=238877"}],"wp:term":[{"taxonomy":"category","embeddable":true,"href":"https:\/\/www.cronacaonline.it\/index.php\/wp-json\/wp\/v2\/categories?post=238877"},{"taxonomy":"post_tag","embeddable":true,"href":"https:\/\/www.cronacaonline.it\/index.php\/wp-json\/wp\/v2\/tags?post=238877"}],"curies":[{"name":"wp","href":"https:\/\/api.w.org\/{rel}","templated":true}]}}