{"id":238813,"date":"2023-08-01T17:38:49","date_gmt":"2023-08-01T15:38:49","guid":{"rendered":"https:\/\/www.cronacaonline.it\/?p=238813"},"modified":"2023-08-01T17:38:52","modified_gmt":"2023-08-01T15:38:52","slug":"lavoro-e-formazione-confronto-tra-regioni-e-governo-lai-sensibilita-e-attenzione-da-parte-della-ministra-calderone-nei-confronti-della-governance-con-le-regioni","status":"publish","type":"post","link":"https:\/\/www.cronacaonline.it\/index.php\/2023\/08\/01\/lavoro-e-formazione-confronto-tra-regioni-e-governo-lai-sensibilita-e-attenzione-da-parte-della-ministra-calderone-nei-confronti-della-governance-con-le-regioni\/","title":{"rendered":"Lavoro e formazione. Confronto tra regioni e governo. Lai: \u201csensibilit\u00e0 e attenzione da parte della ministra calderone nei confronti della governance con le regioni\u201d."},"content":{"rendered":"\n<p>Cagliari, 1 Ago 2023\u00a0\u2013 Arriver\u00e0 a breve, dopo un passaggio alla Conferenza Stato-Regioni, il decreto che definir\u00e0 i criteri per i percorsi di formazione, che consentiranno ai cosiddetti occupabili di passare dal Reddito di Cittadinanza al Sostegno Formazione e Lavoro. E' quanto emerso dal confronto, in videoconferenza, tra la ministra del Lavoro, Marina Calderone e gli assessori regionali per fare il punto sull'attuazione della misura.<\/p>\n\n\n\n<p>Soddisfatta l\u2019assessore del Lavoro, Ada Lai. \u201cUn confronto positivo con la Ministra Calderone, che ha dimostrato grande sensibilit\u00e0 e attenzione nei confronti della governance con le regioni. Un tavolo tecnico che si arricchir\u00e0 di ulteriori tavoli tematici. Il Governo ha scelto di andare oltre l\u2019assistenzialismo e ridare dignit\u00e0 al lavoro - afferma -&nbsp;La Regione Sardegna sta facendo la sua parte. I nostri centri per l\u2019impiego hanno gi\u00e0 profilato gli occupabili, che sono meno di 5.000. A loro arriver\u00e0 un\u2019ulteriore comunicazione da parte dei nostri uffici per confermargli che saranno presi in carico per essere accompagnati nei programmi di politica attiva per il lavoro, dalla formazione ai cantieri occupazionali.&nbsp;Il nostro sistema dei servizi per il lavoro - sottolinea l\u2019assessore del lavoro - si \u00e8 gi\u00e0 attivato per accompagnare i percettori della nuova misura in un percorso di supporto e formazione finalizzata all\u2019inserimento lavorativo. Il Ministero del Lavoro e l\u2019INPS ci hanno fornito i primi chiarimenti utili, che confermano come la partecipazione a percorsi di politica attiva potr\u00e0 procedere senza soluzione di continuit\u00e0, integrando la condizionalit\u00e0 prevista dal nuovo paradigma, che prevede che l\u2019Inps eroghi il sostegno solo dopo aver ricevuto le informazioni relative all\u2019attivazione dei beneficiari.&nbsp;<\/p>\n\n\n\n<p>I percettori del servizio formazione lavoro - aggiunge - inizieranno a utilizzare la nuova piattaforma SIISL a partire dal 1\u00b0 settembre 2023. Il SIISL, Sistema informativo per l\u2019inclusione sociale e lavorativa, che sar\u00e0 gestita dal Ministero del Lavoro come previsto dal decreto lavoro - spiega l\u2019esponente dell\u2019esecutivo sardo - va proprio nella direzione di costruire un sistema informativo pi\u00f9 efficace per facilitare la ricerca del lavoro, individuare le attivit\u00e0 di formazione pi\u00f9 idonee, condividere le opportunit\u00e0 e i progetti di pubblica utilit\u00e0, tenendo conto dei titoli, delle esperienze formative e delle competenze professionali pregresse dei beneficiari, nonch\u00e9 della disponibilit\u00e0 di offerte di lavoro e di ogni altro genere di intervento di politica attiva\u201d.&nbsp;Com<\/p>\n","protected":false},"excerpt":{"rendered":"<p>Cagliari, 1 Ago 2023\u00a0\u2013 Arriver\u00e0 a breve, dopo un passaggio alla Conferenza Stato-Regioni, il decreto che definir\u00e0 i criteri per i percorsi di formazione, che&#8230;<\/p>\n","protected":false},"author":2,"featured_media":235953,"comment_status":"closed","ping_status":"open","sticky":false,"template":"","format":"standard","meta":[],"categories":[49,52],"tags":[],"_links":{"self":[{"href":"https:\/\/www.cronacaonline.it\/index.php\/wp-json\/wp\/v2\/posts\/238813"}],"collection":[{"href":"https:\/\/www.cronacaonline.it\/index.php\/wp-json\/wp\/v2\/posts"}],"about":[{"href":"https:\/\/www.cronacaonline.it\/index.php\/wp-json\/wp\/v2\/types\/post"}],"author":[{"embeddable":true,"href":"https:\/\/www.cronacaonline.it\/index.php\/wp-json\/wp\/v2\/users\/2"}],"replies":[{"embeddable":true,"href":"https:\/\/www.cronacaonline.it\/index.php\/wp-json\/wp\/v2\/comments?post=238813"}],"version-history":[{"count":1,"href":"https:\/\/www.cronacaonline.it\/index.php\/wp-json\/wp\/v2\/posts\/238813\/revisions"}],"predecessor-version":[{"id":238814,"href":"https:\/\/www.cronacaonline.it\/index.php\/wp-json\/wp\/v2\/posts\/238813\/revisions\/238814"}],"wp:featuredmedia":[{"embeddable":true,"href":"https:\/\/www.cronacaonline.it\/index.php\/wp-json\/wp\/v2\/media\/235953"}],"wp:attachment":[{"href":"https:\/\/www.cronacaonline.it\/index.php\/wp-json\/wp\/v2\/media?parent=238813"}],"wp:term":[{"taxonomy":"category","embeddable":true,"href":"https:\/\/www.cronacaonline.it\/index.php\/wp-json\/wp\/v2\/categories?post=238813"},{"taxonomy":"post_tag","embeddable":true,"href":"https:\/\/www.cronacaonline.it\/index.php\/wp-json\/wp\/v2\/tags?post=238813"}],"curies":[{"name":"wp","href":"https:\/\/api.w.org\/{rel}","templated":true}]}}