{"id":238797,"date":"2023-08-01T08:12:34","date_gmt":"2023-08-01T06:12:34","guid":{"rendered":"https:\/\/www.cronacaonline.it\/?p=238797"},"modified":"2023-08-01T08:12:38","modified_gmt":"2023-08-01T06:12:38","slug":"ospedale-unico-nel-sulcis-iglesiente-carla-cuccu-idea-sardegna-davvero-si-vuole-portare-tutto-a-villamassargia","status":"publish","type":"post","link":"https:\/\/www.cronacaonline.it\/index.php\/2023\/08\/01\/ospedale-unico-nel-sulcis-iglesiente-carla-cuccu-idea-sardegna-davvero-si-vuole-portare-tutto-a-villamassargia\/","title":{"rendered":"Ospedale unico nel Sulcis Iglesiente, Carla Cuccu (Idea Sardegna) \u2018 davvero si vuole portare tutto a villamassargia? \u2019"},"content":{"rendered":"\n<p>Cagliari, 31 Luglio 2023 \u2013 \u201cContinua la battaglia della Regione Sardegna per la creazione dei grandi ospedali unici. Tanti soldi e studi di fattibilit\u00e0, ma continuano a depotenziare, quotidianamente, il sistema sanitario regionale\u201d \u201cIl presidente Solinas e l\u2019assessore Doria, la considerano una grande opportunit\u00e0 per il territorio del Sulcis Iglesiente. Secondo lo studio presentato dall\u2019Ares, il dimensionamento del nuovo ospedale prevede una struttura con 329 posti letto. Il costo stimato \u00e8 di poco meno 200 milioni di euro. Una cifra che potrebbero essere decisamente inferiore se si prendesse seriamente l\u2019idea di ultimare il C.T.O. di Iglesias\u201d Evidenzia Carla Cuccu, la consigliera regionale di Idea Sardegna Alleanza Civica Identitaria, segretaria della commissione sanit\u00e0. L\u2019ospedale C.T.O. di Iglesias in questi anni ha effettuato numerose opere di ristrutturazione e rinnovamento, sia negli spazi che nelle tecnologie. Inoltre la sua posizione \u00e8 da sempre strategia, ben accessibile e collegata, tramite la S.S. 130, a Cagliari ed al resto della Sardegna. I requisiti ci sono tutti. Perch\u00e9 non procedere ad Iglesias? \u201cQuesta destinazione di nuove risorse, rende inspiegabile il motivo per il quale siano gi\u00e0' stati spesi oltre 20 milioni di soldi pubblici per restituire alla citt\u00e0 di Iglesias ed all'intero territorio iglesiente una sanit\u00e0 di eccellenza. Sono stati infatti sviluppati un blocco operatorio di ben 4 sale, un laboratorio analisi di oltre 1400 metri quadrati con le ultime tecnologie disponibili, reparti d\u2019eccellenza di ostetricia, ginecologia, ortopedia e riabilitazione. Inoltre \u00e8 stato creato un pronto soccorso tra i migliori di tutti gli ospedali sardi, con tecnologie di ultima generazione capaci di dare risposte concrete ed immediate alla sanit\u00e0 dell'iglesiente e di tutta la Sardegna\u201d \u201cTra quanti anni vedremo la luce di questo ospedale unico? Ce lo stiamo chiedendo tutti, in primis i cittadini ed i pazienti che quotidianamente si spostano tra i vari ospedali nel territorio. Si continua a pensare di distruggere quello che gi\u00e0 esiste, che funziona e che potrebbe essere un punto di riferimento. Si continua a pensare ad imponenti opere, con cifre e risorse veramente importanti, che non si sa come e quando verranno realizzate\u201d. \u201cSi vuole puntare tutto su Villamassargia. Come mai? L\u2019assessore Doria in questi giorni ha rilasciato dichiarazioni mettendo in evidenza che la posizione migliore sia quella dell\u2019agro di Villamassargia. Ma quali sono i terreni idonei? Di chi \u00e8 la propriet\u00e0 di questi terreni? Come mai poi si vuole far emergere questa notizia come nuova, quando nei vari assessorati e stanze della politica regionale, si parla dell'ubicazione a Villamassargia del nuovo ospedale gi\u00e0 dal 2021\u201d. \u201cParlare di ubicare l'ospedale a Villamassargia denota la palese mancata conoscenza dei territori da parte del Presidente Solinas e dell\u2019Assessore Doria che, evidentemente, non ci hanno mai messo piede. Non esistono strade a scorrimento veloce e sicure che colleghino tutti i paesi afferenti al Sulcis Iglesiente tra loro e col resto della Sardegna. Questo dovrebbe bastare per lasciar perdere questa idea\u201d \u201cSiamo stanchi di dover ogni giorno combattere per servizi di prima necessit\u00e0. La soluzione esiste ed \u00e8 chiaramente sotto gli occhi di tutti. Il C.T.O. ha tutte le carte in regola per essere potenziato e diventare quindi il riferimento per la sanit\u00e0 del Sulcis Iglesiente. Sono gi\u00e0 stati spesi milioni di euro in questi anni per questa struttura, soldi dei contribuenti, che ora vedranno quindi un nuovo edificio abbandonato? Continueremo a chiedere risposte e fare tutte le analisi possibili per cercare di avere risposte, dalla Regione e dalla ASL Sulcis Iglesiente.\u201d Com<\/p>\n","protected":false},"excerpt":{"rendered":"<p>Cagliari, 31 Luglio 2023 \u2013 \u201cContinua la battaglia della Regione Sardegna per la creazione dei grandi ospedali unici. Tanti soldi e studi di fattibilit\u00e0, ma&#8230;<\/p>\n","protected":false},"author":2,"featured_media":233830,"comment_status":"closed","ping_status":"open","sticky":false,"template":"","format":"standard","meta":[],"categories":[49,52],"tags":[],"_links":{"self":[{"href":"https:\/\/www.cronacaonline.it\/index.php\/wp-json\/wp\/v2\/posts\/238797"}],"collection":[{"href":"https:\/\/www.cronacaonline.it\/index.php\/wp-json\/wp\/v2\/posts"}],"about":[{"href":"https:\/\/www.cronacaonline.it\/index.php\/wp-json\/wp\/v2\/types\/post"}],"author":[{"embeddable":true,"href":"https:\/\/www.cronacaonline.it\/index.php\/wp-json\/wp\/v2\/users\/2"}],"replies":[{"embeddable":true,"href":"https:\/\/www.cronacaonline.it\/index.php\/wp-json\/wp\/v2\/comments?post=238797"}],"version-history":[{"count":1,"href":"https:\/\/www.cronacaonline.it\/index.php\/wp-json\/wp\/v2\/posts\/238797\/revisions"}],"predecessor-version":[{"id":238798,"href":"https:\/\/www.cronacaonline.it\/index.php\/wp-json\/wp\/v2\/posts\/238797\/revisions\/238798"}],"wp:featuredmedia":[{"embeddable":true,"href":"https:\/\/www.cronacaonline.it\/index.php\/wp-json\/wp\/v2\/media\/233830"}],"wp:attachment":[{"href":"https:\/\/www.cronacaonline.it\/index.php\/wp-json\/wp\/v2\/media?parent=238797"}],"wp:term":[{"taxonomy":"category","embeddable":true,"href":"https:\/\/www.cronacaonline.it\/index.php\/wp-json\/wp\/v2\/categories?post=238797"},{"taxonomy":"post_tag","embeddable":true,"href":"https:\/\/www.cronacaonline.it\/index.php\/wp-json\/wp\/v2\/tags?post=238797"}],"curies":[{"name":"wp","href":"https:\/\/api.w.org\/{rel}","templated":true}]}}