{"id":238787,"date":"2023-07-31T14:26:00","date_gmt":"2023-07-31T12:26:00","guid":{"rendered":"https:\/\/www.cronacaonline.it\/?p=238787"},"modified":"2023-07-31T14:26:03","modified_gmt":"2023-07-31T12:26:03","slug":"comitato-di-sorveglianza-pr-fesr-sardegna-21-27-il-presidente-oltre-1-miliardo-e-mezzo-per-la-crescita-sardegna-pronta-a-utilizzare-le-risorse-in-campo-per-la-ripresa","status":"publish","type":"post","link":"https:\/\/www.cronacaonline.it\/index.php\/2023\/07\/31\/comitato-di-sorveglianza-pr-fesr-sardegna-21-27-il-presidente-oltre-1-miliardo-e-mezzo-per-la-crescita-sardegna-pronta-a-utilizzare-le-risorse-in-campo-per-la-ripresa\/","title":{"rendered":"Comitato di sorveglianza Pr Fesr Sardegna 21-27, il presidente: \u201coltre 1 miliardo e mezzo per la crescita, Sardegna pronta a utilizzare le risorse in campo per la ripresa\u201d."},"content":{"rendered":"\n<p>Cagliari, 31 Lug 2023 \u2013\u00a0Parte oggi a tutti gli effetti, con la riunione del Comitato di Sorveglianza che si \u00e8 svolto a Cagliari alla presenza dell\u2019Assessore della Programmazione e del Bilancio, Giuseppe Fasolino, la nuova programmazione FESR 21-27. Nel corso dell\u2019incontro sono stati infatti approvati e adottati i criteri di selezione 2021-2027 che aprono la strada ai bandi per finanziare i progetti, e presentata la chiusura della programmazione 14-20.<\/p>\n\n\n\n<p>\u201cAbbiamo dato prova di efficienza avviando quelle interlocuzioni e percorsi che hanno ottenuto il plauso e l\u2019approvazione di Bruxelles e ora la Sardegna si prepara ad avviare i progetti definiti nel programma, in particolare quelli legati all'innovazione, alla digitalizzazione, alla transizione verde\u201d, ha spiegato il Presidente della Regione sarda.<\/p>\n\n\n\n<p>\u201cLa Regione \u00e8 impegnata per colmare il gap tra la Sardegna e il resto delle regioni d\u2019Italia e d\u2019Europa e sulla base di questo obiettivo che nel corso dei mesi con il Centro regionale di programmazione abbiamo definito i criteri del nuovo Programma che ha una dotazione quasi doppia rispetto al precedente con oltre 1 miliardo e mezzo di risorse (1.580 milioni) che serviranno a rilanciare la Sardegna e a supportare il suo sviluppo dal punto di vista economico e sociale, intervenendo su settori strategici per la nostra isola\u201d, ha detto l\u2019Assessore Fasolino nel corso dell\u2019incontro a cui hanno preso parte i rappresentanti della Commissione Europea, del Dipartimento delle Politiche di coesione (Presidenza Consiglio dei Ministri) e dell\u2019Agenzia per la Coesione Territoriale.<\/p>\n\n\n\n<p>\u201cLa nuova programmazione, tra gli altri risultati che sar\u00e0 in grado di raggiungere, assicurer\u00e0 nuova occupazione. Sono fiducioso, ecco perch\u00e9 guardiamo al nuovo Fesr 21-27 con ottimismo e con un senso di grande positivit\u00e0 \u2013 ha proseguito l\u2019Assessore Fasolino - Oggi abbiamo la possibilit\u00e0 di spendere pi\u00f9 risorse rispetto alla programmazione precedente: la Sardegna dimostrer\u00e0 efficienza e capacit\u00e0\u201d, ha concluso l\u2019Assessore Fasolino. Com<\/p>\n","protected":false},"excerpt":{"rendered":"<p>Cagliari, 31 Lug 2023 \u2013\u00a0Parte oggi a tutti gli effetti, con la riunione del Comitato di Sorveglianza che si \u00e8 svolto a Cagliari alla presenza&#8230;<\/p>\n","protected":false},"author":2,"featured_media":238645,"comment_status":"closed","ping_status":"open","sticky":false,"template":"","format":"standard","meta":[],"categories":[49,52],"tags":[],"_links":{"self":[{"href":"https:\/\/www.cronacaonline.it\/index.php\/wp-json\/wp\/v2\/posts\/238787"}],"collection":[{"href":"https:\/\/www.cronacaonline.it\/index.php\/wp-json\/wp\/v2\/posts"}],"about":[{"href":"https:\/\/www.cronacaonline.it\/index.php\/wp-json\/wp\/v2\/types\/post"}],"author":[{"embeddable":true,"href":"https:\/\/www.cronacaonline.it\/index.php\/wp-json\/wp\/v2\/users\/2"}],"replies":[{"embeddable":true,"href":"https:\/\/www.cronacaonline.it\/index.php\/wp-json\/wp\/v2\/comments?post=238787"}],"version-history":[{"count":1,"href":"https:\/\/www.cronacaonline.it\/index.php\/wp-json\/wp\/v2\/posts\/238787\/revisions"}],"predecessor-version":[{"id":238788,"href":"https:\/\/www.cronacaonline.it\/index.php\/wp-json\/wp\/v2\/posts\/238787\/revisions\/238788"}],"wp:featuredmedia":[{"embeddable":true,"href":"https:\/\/www.cronacaonline.it\/index.php\/wp-json\/wp\/v2\/media\/238645"}],"wp:attachment":[{"href":"https:\/\/www.cronacaonline.it\/index.php\/wp-json\/wp\/v2\/media?parent=238787"}],"wp:term":[{"taxonomy":"category","embeddable":true,"href":"https:\/\/www.cronacaonline.it\/index.php\/wp-json\/wp\/v2\/categories?post=238787"},{"taxonomy":"post_tag","embeddable":true,"href":"https:\/\/www.cronacaonline.it\/index.php\/wp-json\/wp\/v2\/tags?post=238787"}],"curies":[{"name":"wp","href":"https:\/\/api.w.org\/{rel}","templated":true}]}}