{"id":238709,"date":"2023-07-28T13:20:06","date_gmt":"2023-07-28T11:20:06","guid":{"rendered":"https:\/\/www.cronacaonline.it\/?p=238709"},"modified":"2023-07-28T13:20:09","modified_gmt":"2023-07-28T11:20:09","slug":"nuovi-treni-sulla-monserrato-isili-il-presidente-della-sardegna-la-regione-continua-a-investire-risorse-per-lammodernamento-del-sistema-ferroviario-sardo","status":"publish","type":"post","link":"https:\/\/www.cronacaonline.it\/index.php\/2023\/07\/28\/nuovi-treni-sulla-monserrato-isili-il-presidente-della-sardegna-la-regione-continua-a-investire-risorse-per-lammodernamento-del-sistema-ferroviario-sardo\/","title":{"rendered":"Nuovi treni sulla Monserrato-Isili, il presidente della Sardegna: la Regione continua a investire risorse per l\u2019ammodernamento del sistema ferroviario sardo."},"content":{"rendered":"\n<p>Cagliari, 28 luglio 2023 -\u00a0\u201cCon i sette nuovi treni pronti a entrare in servizio sulla linea Monserrato-Isili, la Regione va avanti nel percorso di rinnovamento totale del proprio parco viaggiante e pi\u00f9 in generale di ammodernamento dell\u2019intero sistema ferroviario sardo, anche in termini di sostenibilit\u00e0 ambientale\u201d. Lo dichiara il presidente della Regione, in occasione del viaggio inaugurale di uno dei nuovi treni dell\u2019Arst, partito oggi dalla stazione di San Gottardo a Monserrato e diretto a Mandas e Isili.\u00a0I nuovi convogli, prodotti dalla Stadler, sono a trazione diesel-elettrica, con bassissime emissioni atmosferiche, e possono raggiungere i 100 km orari.<\/p>\n\n\n\n<p>\u201cIn questi ultimi anni \u2013 sottolinea \u2013 abbiamo messo in campo importanti risorse per l\u2019acquisto di nuovo materiale rotabile che ci consente di mettere gradualmente a riposo mezzi ormai datati. I vecchi treni che lasceranno il posto a quelli nuovi saranno messi a riposo per un revamping che li destiner\u00e0 al Trenino verde, un grande patrimonio non solo ferroviario ma anche storico della Sardegna, per il quale mi auspico possa essere costituita al pi\u00f9 presto la Fondazione con il pieno coinvolgimento dei Comuni dei territori interessati\u201d.<\/p>\n\n\n\n<p>\u201cGli investimenti che abbiamo avviato finora \u2013 aggiunge il Presidente \u2013 si inseriscono in una pi\u00f9 ampia strategia volta ad affrontare e ad abbattere concretamente quel gap strutturale che si traduce in mancato sviluppo per l\u2019intera economia regionale. Quest\u2019ultimo punto \u00e8 stato uno degli argomenti portati recentemente sul tavolo del ministero delle Infrastrutture e dei Trasporti nel corso di un incontro per discutere di strade e ferrovie che ho avuto con il ministro Salvini, dal quale ho ricevuto pieno sostegno e l\u2019impegno a lavorare insieme per ridurre questo\u201d.<\/p>\n\n\n\n<p>\u201cEd \u00e8 per questo che tra gli obiettivi che ci siamo prefissati fin dall\u2019inizio di questa legislatura c\u2019\u00e8 anche il potenziamento della mobilit\u00e0 ferroviaria e stradale, e della sua integrazione in termini di intermodalit\u00e0 e di connessione, per dotare la nostra Isola di collegamenti sicuri e vie di accesso efficienti che dalle zone interne arrivino a quelle costiere e all\u2019asse viario principale. Perch\u00e9 \u00e8 necessario, soprattutto per una regione a bassa densit\u00e0 di popolazione, con ampi squilibri tra zone interne e costiere, lo sviluppo di un sistema integrato di trasporti che non crei isole nell\u2019Isola\u201d, conclude il presidente. Com<\/p>\n","protected":false},"excerpt":{"rendered":"<p>Cagliari, 28 luglio 2023 &#8211;\u00a0\u201cCon i sette nuovi treni pronti a entrare in servizio sulla linea Monserrato-Isili, la Regione va avanti nel percorso di rinnovamento&#8230;<\/p>\n","protected":false},"author":2,"featured_media":238710,"comment_status":"closed","ping_status":"open","sticky":false,"template":"","format":"standard","meta":[],"categories":[49,52],"tags":[],"_links":{"self":[{"href":"https:\/\/www.cronacaonline.it\/index.php\/wp-json\/wp\/v2\/posts\/238709"}],"collection":[{"href":"https:\/\/www.cronacaonline.it\/index.php\/wp-json\/wp\/v2\/posts"}],"about":[{"href":"https:\/\/www.cronacaonline.it\/index.php\/wp-json\/wp\/v2\/types\/post"}],"author":[{"embeddable":true,"href":"https:\/\/www.cronacaonline.it\/index.php\/wp-json\/wp\/v2\/users\/2"}],"replies":[{"embeddable":true,"href":"https:\/\/www.cronacaonline.it\/index.php\/wp-json\/wp\/v2\/comments?post=238709"}],"version-history":[{"count":1,"href":"https:\/\/www.cronacaonline.it\/index.php\/wp-json\/wp\/v2\/posts\/238709\/revisions"}],"predecessor-version":[{"id":238711,"href":"https:\/\/www.cronacaonline.it\/index.php\/wp-json\/wp\/v2\/posts\/238709\/revisions\/238711"}],"wp:featuredmedia":[{"embeddable":true,"href":"https:\/\/www.cronacaonline.it\/index.php\/wp-json\/wp\/v2\/media\/238710"}],"wp:attachment":[{"href":"https:\/\/www.cronacaonline.it\/index.php\/wp-json\/wp\/v2\/media?parent=238709"}],"wp:term":[{"taxonomy":"category","embeddable":true,"href":"https:\/\/www.cronacaonline.it\/index.php\/wp-json\/wp\/v2\/categories?post=238709"},{"taxonomy":"post_tag","embeddable":true,"href":"https:\/\/www.cronacaonline.it\/index.php\/wp-json\/wp\/v2\/tags?post=238709"}],"curies":[{"name":"wp","href":"https:\/\/api.w.org\/{rel}","templated":true}]}}