{"id":238666,"date":"2023-07-27T10:45:29","date_gmt":"2023-07-27T08:45:29","guid":{"rendered":"https:\/\/www.cronacaonline.it\/?p=238666"},"modified":"2023-07-27T10:45:32","modified_gmt":"2023-07-27T08:45:32","slug":"jtf-lassessore-pili-visita-il-parco-geominerario-presto-un-incontro-con-i-sindaci-del-sulcis-per-un-piano-di-azione-per-la-valorizzazione-del-patrimonio-in-capo-a-igea","status":"publish","type":"post","link":"https:\/\/www.cronacaonline.it\/index.php\/2023\/07\/27\/jtf-lassessore-pili-visita-il-parco-geominerario-presto-un-incontro-con-i-sindaci-del-sulcis-per-un-piano-di-azione-per-la-valorizzazione-del-patrimonio-in-capo-a-igea\/","title":{"rendered":"Jtf, l\u2019assessore Pili visita il parco geominerario: \u201cpresto un incontro con i sindaci del Sulcis per un piano di azione per la valorizzazione del patrimonio in capo a Igea\u201d."},"content":{"rendered":"\n<p>Cagliari, 27 Lug 2023\u00a0- L\u2019assessore dell\u2019Industria, Anita Pili, si \u00e8 recata ieri a Carbonia, al Parco Geominerario storico e ambientale della Sardegna, dove ha incontrato il commissario straordinario, Elisabetta Anna Castelli e il Direttore Fabrizio Atzori. \u201cUn confronto costruttivo, in cui abbiamo discusso dell\u2019ampio tema del patrimonio regionale da bonificare, mettere in sicurezza e valorizzare \u2013 spiega l\u2019assessore Pili \u2013 anche grazie ai fondi per la Transizione giusta (JTF).<\/p>\n\n\n\n<p>Dall\u2019Unione Europea abbiamo infatti circa 80 milioni destinati al Sulcis Iglesiente per opere cantierabili di bonifica. Lavori che creeranno un incremento delle opportunit\u00e0 lavorative da parte di privati. Nelle prossime settimane, in accordo con il commissario del Parco, sar\u00e0 convocato un incontro con i Sindaci per verificare insieme le azioni a cui dare immediata esecutivit\u00e0. Obiettivo della Regione \u00e8 la valorizzazione del patrimonio ambientale in capo a Igea e delle opportunit\u00e0 che in esso possono nascere\u201d.&nbsp;Com<\/p>\n","protected":false},"excerpt":{"rendered":"<p>Cagliari, 27 Lug 2023\u00a0&#8211; L\u2019assessore dell\u2019Industria, Anita Pili, si \u00e8 recata ieri a Carbonia, al Parco Geominerario storico e ambientale della Sardegna, dove ha incontrato&#8230;<\/p>\n","protected":false},"author":2,"featured_media":238668,"comment_status":"closed","ping_status":"open","sticky":false,"template":"","format":"standard","meta":[],"categories":[49,52],"tags":[],"_links":{"self":[{"href":"https:\/\/www.cronacaonline.it\/index.php\/wp-json\/wp\/v2\/posts\/238666"}],"collection":[{"href":"https:\/\/www.cronacaonline.it\/index.php\/wp-json\/wp\/v2\/posts"}],"about":[{"href":"https:\/\/www.cronacaonline.it\/index.php\/wp-json\/wp\/v2\/types\/post"}],"author":[{"embeddable":true,"href":"https:\/\/www.cronacaonline.it\/index.php\/wp-json\/wp\/v2\/users\/2"}],"replies":[{"embeddable":true,"href":"https:\/\/www.cronacaonline.it\/index.php\/wp-json\/wp\/v2\/comments?post=238666"}],"version-history":[{"count":1,"href":"https:\/\/www.cronacaonline.it\/index.php\/wp-json\/wp\/v2\/posts\/238666\/revisions"}],"predecessor-version":[{"id":238669,"href":"https:\/\/www.cronacaonline.it\/index.php\/wp-json\/wp\/v2\/posts\/238666\/revisions\/238669"}],"wp:featuredmedia":[{"embeddable":true,"href":"https:\/\/www.cronacaonline.it\/index.php\/wp-json\/wp\/v2\/media\/238668"}],"wp:attachment":[{"href":"https:\/\/www.cronacaonline.it\/index.php\/wp-json\/wp\/v2\/media?parent=238666"}],"wp:term":[{"taxonomy":"category","embeddable":true,"href":"https:\/\/www.cronacaonline.it\/index.php\/wp-json\/wp\/v2\/categories?post=238666"},{"taxonomy":"post_tag","embeddable":true,"href":"https:\/\/www.cronacaonline.it\/index.php\/wp-json\/wp\/v2\/tags?post=238666"}],"curies":[{"name":"wp","href":"https:\/\/api.w.org\/{rel}","templated":true}]}}