{"id":238649,"date":"2023-07-26T16:24:41","date_gmt":"2023-07-26T14:24:41","guid":{"rendered":"https:\/\/www.cronacaonline.it\/?p=238649"},"modified":"2023-07-26T16:47:41","modified_gmt":"2023-07-26T14:47:41","slug":"formazione-ampliata-platea-beneficiari-avviso-academy-aziendali-lassessore-lai-apriamo-alle-piccole-imprese-per-dare-una-prospettiva-piu-ampia-alla-formazione-in","status":"publish","type":"post","link":"https:\/\/www.cronacaonline.it\/index.php\/2023\/07\/26\/formazione-ampliata-platea-beneficiari-avviso-academy-aziendali-lassessore-lai-apriamo-alle-piccole-imprese-per-dare-una-prospettiva-piu-ampia-alla-formazione-in\/","title":{"rendered":"Formazione, ampliata platea beneficiari avviso \u201cAcademy Aziendali\u201d. L\u2019assessore Lai: \u201capriamo alle piccole imprese per dare una prospettiva pi\u00f9 ampia alla formazione in azienda\u201d."},"content":{"rendered":"\n<p>Cagliari, 26 Lug 2023 \u2013\u00a0L\u2019avviso\u00a0\u201cAcademy aziendali\u201d sar\u00e0 aperto anche alle piccole imprese. Lo ha deciso la Giunta regionale della Sardegna, nell\u2019ultima seduta, su proposta dell\u2019assessore regionale del Lavoro, Ada Lai, per consentire anche alle aziende pi\u00f9 piccole di partecipare al Bando.<\/p>\n\n\n\n<p>\u201cContinuano gli investimenti della Giunta sarda in alta formazione per creare nuove competenze che valorizzino il capitale umano - afferma Lai&nbsp;-&nbsp;Apriamo alle piccole e medie imprese, tessuto della nostra economia, per dare una prospettiva pi\u00f9 ampia alla formazione in azienda. In questo modo anche queste realt\u00e0 imprenditoriali avranno la possibilit\u00e0 di aggiornare il proprio personale e formare nuove risorse, che saranno avviate all\u2019assunzione\u201d.<\/p>\n\n\n\n<p>L\u2019Avviso prevede l\u2019erogazione di sovvenzioni alle imprese operanti in Sardegna per l'organizzazione e la gestione,&nbsp; tramite le \u201cAcademy Aziendali\u201d (in collaborazione con le agenzie formative accreditate o gli istituti tecnici superiori operanti in Sardegna) di percorsi formativi sperimentali finalizzati all'aggiornamento continuo del personale o all'acquisizione di competenze professionali da parte di donne e giovani disoccupati partecipanti ai medesimi percorsi, in misura non superiore ad 1\/3 del numero complessivo di partecipanti. Nello specifico, il Bando propone nuovi percorsi formativi in settori strategici per la nostra economia, come l\u2019accoglienza turistica e l\u2019enogastronomia, i trasporti, la mobilit\u00e0 e l\u2019innovazione tecnologica negli ambiti pi\u00f9 innovativi del settore energia, quali l\u2019efficienza energetica e le rinnovabili.<\/p>\n\n\n\n<p>\u201cI corsi - spiega l\u2019assessore del Lavoro - sono basati sul metodo di apprendimento basato sul lavoro (\u2018work based learning\u2019), un approccio stimolante che coniuga la formazione e il lavoro, attraverso la simulazione dell\u2019ambiente imprenditoriale e professionale, quindi con l\u2019uso di laboratori, cucine e officine\u201d. Com<\/p>\n","protected":false},"excerpt":{"rendered":"<p>Cagliari, 26 Lug 2023 \u2013\u00a0L\u2019avviso\u00a0\u201cAcademy aziendali\u201d sar\u00e0 aperto anche alle piccole imprese. Lo ha deciso la Giunta regionale della Sardegna, nell\u2019ultima seduta, su proposta dell\u2019assessore&#8230;<\/p>\n","protected":false},"author":2,"featured_media":237734,"comment_status":"closed","ping_status":"open","sticky":false,"template":"","format":"standard","meta":[],"categories":[49,52],"tags":[],"_links":{"self":[{"href":"https:\/\/www.cronacaonline.it\/index.php\/wp-json\/wp\/v2\/posts\/238649"}],"collection":[{"href":"https:\/\/www.cronacaonline.it\/index.php\/wp-json\/wp\/v2\/posts"}],"about":[{"href":"https:\/\/www.cronacaonline.it\/index.php\/wp-json\/wp\/v2\/types\/post"}],"author":[{"embeddable":true,"href":"https:\/\/www.cronacaonline.it\/index.php\/wp-json\/wp\/v2\/users\/2"}],"replies":[{"embeddable":true,"href":"https:\/\/www.cronacaonline.it\/index.php\/wp-json\/wp\/v2\/comments?post=238649"}],"version-history":[{"count":2,"href":"https:\/\/www.cronacaonline.it\/index.php\/wp-json\/wp\/v2\/posts\/238649\/revisions"}],"predecessor-version":[{"id":238652,"href":"https:\/\/www.cronacaonline.it\/index.php\/wp-json\/wp\/v2\/posts\/238649\/revisions\/238652"}],"wp:featuredmedia":[{"embeddable":true,"href":"https:\/\/www.cronacaonline.it\/index.php\/wp-json\/wp\/v2\/media\/237734"}],"wp:attachment":[{"href":"https:\/\/www.cronacaonline.it\/index.php\/wp-json\/wp\/v2\/media?parent=238649"}],"wp:term":[{"taxonomy":"category","embeddable":true,"href":"https:\/\/www.cronacaonline.it\/index.php\/wp-json\/wp\/v2\/categories?post=238649"},{"taxonomy":"post_tag","embeddable":true,"href":"https:\/\/www.cronacaonline.it\/index.php\/wp-json\/wp\/v2\/tags?post=238649"}],"curies":[{"name":"wp","href":"https:\/\/api.w.org\/{rel}","templated":true}]}}