{"id":238647,"date":"2023-07-26T16:01:39","date_gmt":"2023-07-26T14:01:39","guid":{"rendered":"https:\/\/www.cronacaonline.it\/?p=238647"},"modified":"2023-07-26T16:01:42","modified_gmt":"2023-07-26T14:01:42","slug":"continuita-territoriale-aerea-riunito-il-comitato-di-monitoraggio-lassessore-moro-le-compagnie-facciano-ogni-sforzo-per-garantire-piu-voli-e-tariffe-accettabili","status":"publish","type":"post","link":"https:\/\/www.cronacaonline.it\/index.php\/2023\/07\/26\/continuita-territoriale-aerea-riunito-il-comitato-di-monitoraggio-lassessore-moro-le-compagnie-facciano-ogni-sforzo-per-garantire-piu-voli-e-tariffe-accettabili\/","title":{"rendered":"Continuit\u00e0 territoriale aerea, riunito il comitato di monitoraggio. L\u2019assessore Moro: le compagnie facciano ogni sforzo per garantire pi\u00f9 voli e tariffe accettabili."},"content":{"rendered":"\n<p>Cagliari, 26 Lug 2023 \u2013\u00a0\u201cContinueremo a monitorare la situazione dei voli in continuit\u00e0 e non soltanto, chiedendo alle compagnie di compiere ogni sforzo per garantire pi\u00f9 voli e tariffe accettabili. Resta il problema strutturale dei servizi della continuit\u00e0 aerea e che deriva dalla decisione assunta a suo tempo dalla Commissione europea di impedire la fissazione di un tetto per la tariffa non residenti e di comprimere verso il basso le stime dei volumi di traffico residenti\u201d. Lo ha detto l\u2019assessore regionale dei Trasporti, Antonio Moro, al termine della riunione del Comitato paritetico di monitoraggio della continuit\u00e0 territoriale che si \u00e8 tenuta questa mattina per affrontare le criticit\u00e0 registrate nelle ultime settimane, soprattutto la carenza dei voli e una serie di disservizi segnalati dai passeggeri.<\/p>\n\n\n\n<p>L\u2019aeroporto in cui sono stati registrati i maggiori disagi, come emerso dall\u2019incontro, resta quello di Cagliari, che ha fatto e fa segnare coefficienti di riempimento al di sopra della soglia del 91%, oltre la quale il contratto stabilisce la programmazione del volo aggiuntivo. In particolare sulla Fiumicino-Cagliari in 14 giorni del mese&nbsp;di giugno&nbsp;si \u00e8 oltrepassato il 91% del load factor mentre nei primi 23 giorni&nbsp;di luglio, questa soglia \u00e8 stata superata per ben 15 giorni. Sulla Linate-Cagliari, lo scorso giugno si \u00e8 andati oltre il 91% per 15 giornate e nei primi 23 giorni&nbsp;di luglio&nbsp;si \u00e8 violato con oltre il 91% di load factor per 20 giornate. Pi\u00f9 contenute le giornate sopra soglia negli aeroporti di Alghero e Olbia, con il massimo di dieci giornate su 23 del mese&nbsp;di luglio&nbsp;sulla rotta Linate-Alghero.<\/p>\n\n\n\n<p>\u201cLa compagnia Ita \u2013 spiega l\u2019assessore Moro \u2013 ha confermato l\u2019incremento dei voli giornalieri per&nbsp;luglio&nbsp;e&nbsp;agosto&nbsp;sulle rotte da e per Milano con una programmazione che prevede 6 voli complessivi, rispetto ai 4 stabiliti nel bando della continuit\u00e0, mentre nell\u2019altro collegamento gestito in esclusiva da Ita, Alghero-Milano e viceversa, i voli sono 3, rispetto ai due indicati nel bando europeo. Restano 7 i collegamenti Ita sulla Cagliari-Roma ma su questa rotta saranno impiegati aeromobili di maggiore capacit\u00e0 unitaria: si stima un\u2019offerta complessiva aggiuntiva di posti volo intorno a mille posti in pi\u00f9 per il mese&nbsp;di agosto, fermo restando l\u2019impegno a incrementare ulteriormente il numero dei voli, compatibilmente con le capacit\u00e0 aziendali\u201d.<\/p>\n\n\n\n<p>Aeroitalia ha confermato il posizionamento nell\u2019aeroporto Costa Smeralda di un aeromobile da impiegare per garantire i voli aggiuntivi in entrambi gli scali del Nord dell\u2019Isola. La compagnia che opera in continuit\u00e0 da e per Olbia con Roma e Milano e sulla Alghero-Roma ha confermato l\u2019impegno a migliorare il servizio di call center anche facendo ricorso a ditte esterne e ha anche annunciato l\u2019imminente conclusione delle procedure autorizzative per l\u2019imbarco delle barelle.<\/p>\n\n\n\n<p>\u201cSu mia espressa richiesta \u2013 fa sapere l\u2019assessore dei Trasporti \u2013 le compagnie hanno accettato di comunicare la tariffa massima non residenti prevista nel mese di agosto. Aeroitalia, in virt\u00f9 del patto di amicizia siglato a suo tempo con la Regione, ha confermato che non sar\u00e0 superato l\u2019importo di 200 euro a biglietto pi\u00f9 le tasse aeroportuali. Ita ha comunicato che la cifra massima per andata e ritorno sulla Fiumicino-Cagliari \u00e8 pari a 500 euro, mentre sulla Linate-Cagliari \u00e8 di 600 euro. Volotea ha comunicato la cifra massima non residenti, sola andata, sulla Olbia-Roma: 154 euro, tasse incluse con esclusione del bagaglio\u201d.&nbsp;Com<\/p>\n","protected":false},"excerpt":{"rendered":"<p>Cagliari, 26 Lug 2023 \u2013\u00a0\u201cContinueremo a monitorare la situazione dei voli in continuit\u00e0 e non soltanto, chiedendo alle compagnie di compiere ogni sforzo per garantire&#8230;<\/p>\n","protected":false},"author":2,"featured_media":238492,"comment_status":"closed","ping_status":"open","sticky":false,"template":"","format":"standard","meta":[],"categories":[49,52],"tags":[],"_links":{"self":[{"href":"https:\/\/www.cronacaonline.it\/index.php\/wp-json\/wp\/v2\/posts\/238647"}],"collection":[{"href":"https:\/\/www.cronacaonline.it\/index.php\/wp-json\/wp\/v2\/posts"}],"about":[{"href":"https:\/\/www.cronacaonline.it\/index.php\/wp-json\/wp\/v2\/types\/post"}],"author":[{"embeddable":true,"href":"https:\/\/www.cronacaonline.it\/index.php\/wp-json\/wp\/v2\/users\/2"}],"replies":[{"embeddable":true,"href":"https:\/\/www.cronacaonline.it\/index.php\/wp-json\/wp\/v2\/comments?post=238647"}],"version-history":[{"count":1,"href":"https:\/\/www.cronacaonline.it\/index.php\/wp-json\/wp\/v2\/posts\/238647\/revisions"}],"predecessor-version":[{"id":238648,"href":"https:\/\/www.cronacaonline.it\/index.php\/wp-json\/wp\/v2\/posts\/238647\/revisions\/238648"}],"wp:featuredmedia":[{"embeddable":true,"href":"https:\/\/www.cronacaonline.it\/index.php\/wp-json\/wp\/v2\/media\/238492"}],"wp:attachment":[{"href":"https:\/\/www.cronacaonline.it\/index.php\/wp-json\/wp\/v2\/media?parent=238647"}],"wp:term":[{"taxonomy":"category","embeddable":true,"href":"https:\/\/www.cronacaonline.it\/index.php\/wp-json\/wp\/v2\/categories?post=238647"},{"taxonomy":"post_tag","embeddable":true,"href":"https:\/\/www.cronacaonline.it\/index.php\/wp-json\/wp\/v2\/tags?post=238647"}],"curies":[{"name":"wp","href":"https:\/\/api.w.org\/{rel}","templated":true}]}}