{"id":238644,"date":"2023-07-26T14:59:16","date_gmt":"2023-07-26T12:59:16","guid":{"rendered":"https:\/\/www.cronacaonline.it\/?p=238644"},"modified":"2023-07-26T14:59:19","modified_gmt":"2023-07-26T12:59:19","slug":"programmazione-21-27-lassessore-fasolino-convoca-il-partenariato-economico-e-sociale-lunedi-il-comitato-di-sorveglianza-sui-fondi-fesr","status":"publish","type":"post","link":"https:\/\/www.cronacaonline.it\/index.php\/2023\/07\/26\/programmazione-21-27-lassessore-fasolino-convoca-il-partenariato-economico-e-sociale-lunedi-il-comitato-di-sorveglianza-sui-fondi-fesr\/","title":{"rendered":"Programmazione 21-27, l\u2019assessore Fasolino convoca il partenariato economico e sociale. Luned\u00ec il comitato di sorveglianza sui fondi fesr."},"content":{"rendered":"\n<p>Cagliari, 26 Lug 2023 \u2013\u00a0Si \u00e8 svolta questa mattina nella sede dell\u2019Assessorato del Bilancio la riunione del partenariato allargato Fesr (presenti le rappresentanze delle forze economiche e sociali, Enti locali, Comuni, Associazioni di categoria, datoriali e sindacali), convolto attivamente nella stesura del programma 21-27 che si basa su 6 priorit\u00e0 principali, individuate come strategiche per il futuro della Sardegna.\u00a0\u00a0Competitivit\u00e0 intelligente, transizione digitale, transizione verde, mobilit\u00e0 urbana e sostenibile, Sardegna pi\u00f9 sociale e inclusiva, Sviluppo sostenibile integrato urbano e territoriale sono i punti cardine del programma evidenziati anche dall\u2019Assessore del Bilancio, Giuseppe Fasolino, nel corso dell\u2019incontro.<\/p>\n\n\n\n<p>\u201c\u00c8 un momento di grande impegno perch\u00e9 dobbiamo chiudere la programmazione 14-20 e far partire la programmazione 21-27 \u2013 ha spiegato l\u2019Assessore Fasolino - Oggi abbiamo illustrato al partenariato quelli che sono i criteri per la selezione delle operazioni del 21-27 in vista soprattutto dell\u2019appuntamento di luned\u00ec, quando il Comitato di sorveglianza dovr\u00e0 approvare i criteri\u201d. I punti qualificanti della programmazione 21-27, ha proseguito l\u2019Assessore Fasolino, \u201criguardano temi strategici per il futuro della Sardegna e dei sardi e puntano, in estrema sintesi, a uno sviluppo pi\u00f9 sostenibile, ad accrescere l\u2019inclusione sociale e a far ripartire l\u2019economia. Si tratta di obiettivi che vanno a completare quelli politici che come Giunta regionale ci siamo prefissati\u201d.<\/p>\n\n\n\n<p>Il programma 21-27 ha una dotazione finanziaria quasi raddoppiata rispetto al precedente ciclo di programmazione dato che si passa da 930,9 milioni del 14-20 a 1 miliardo e 500 milioni di euro del 21-27 costituita da una quota di cofinanziamento UE pari al 70% e da una quota di cofinanziamento nazionale, pari al 30% del totale. \u201cSi tratta di una mole importante di risorse che vanno messe a disposizione della ripartenza economica auspicata e che dobbiamo fare in modo di spendere, a vantaggio della Sardegna e delle future generazioni. C\u2019\u00e8 un lavoro straordinario da fare, dobbiamo dimostrare di avere le capacit\u00e0 per raggiungere gli obiettivi fissati\u201d, ha concluso l\u2019esponente della Giunta sarda. Com<\/p>\n","protected":false},"excerpt":{"rendered":"<p>Cagliari, 26 Lug 2023 \u2013\u00a0Si \u00e8 svolta questa mattina nella sede dell\u2019Assessorato del Bilancio la riunione del partenariato allargato Fesr (presenti le rappresentanze delle forze&#8230;<\/p>\n","protected":false},"author":2,"featured_media":238645,"comment_status":"closed","ping_status":"open","sticky":false,"template":"","format":"standard","meta":[],"categories":[49,52],"tags":[],"_links":{"self":[{"href":"https:\/\/www.cronacaonline.it\/index.php\/wp-json\/wp\/v2\/posts\/238644"}],"collection":[{"href":"https:\/\/www.cronacaonline.it\/index.php\/wp-json\/wp\/v2\/posts"}],"about":[{"href":"https:\/\/www.cronacaonline.it\/index.php\/wp-json\/wp\/v2\/types\/post"}],"author":[{"embeddable":true,"href":"https:\/\/www.cronacaonline.it\/index.php\/wp-json\/wp\/v2\/users\/2"}],"replies":[{"embeddable":true,"href":"https:\/\/www.cronacaonline.it\/index.php\/wp-json\/wp\/v2\/comments?post=238644"}],"version-history":[{"count":1,"href":"https:\/\/www.cronacaonline.it\/index.php\/wp-json\/wp\/v2\/posts\/238644\/revisions"}],"predecessor-version":[{"id":238646,"href":"https:\/\/www.cronacaonline.it\/index.php\/wp-json\/wp\/v2\/posts\/238644\/revisions\/238646"}],"wp:featuredmedia":[{"embeddable":true,"href":"https:\/\/www.cronacaonline.it\/index.php\/wp-json\/wp\/v2\/media\/238645"}],"wp:attachment":[{"href":"https:\/\/www.cronacaonline.it\/index.php\/wp-json\/wp\/v2\/media?parent=238644"}],"wp:term":[{"taxonomy":"category","embeddable":true,"href":"https:\/\/www.cronacaonline.it\/index.php\/wp-json\/wp\/v2\/categories?post=238644"},{"taxonomy":"post_tag","embeddable":true,"href":"https:\/\/www.cronacaonline.it\/index.php\/wp-json\/wp\/v2\/tags?post=238644"}],"curies":[{"name":"wp","href":"https:\/\/api.w.org\/{rel}","templated":true}]}}